{"id":982,"date":"2019-09-12T08:00:26","date_gmt":"2019-09-12T06:00:26","guid":{"rendered":"https:\/\/www.sugranyes.com\/?p=982"},"modified":"2023-10-18T12:21:32","modified_gmt":"2023-10-18T10:21:32","slug":"desgravan-o-no-desgravan-los-donativos-a-colegios-concertados","status":"publish","type":"post","link":"https:\/\/www.sugranyes.com\/es\/2019\/09\/desgravan-o-no-desgravan-los-donativos-a-colegios-concertados\/","title":{"rendered":"\u00bfDesgravan o no desgravan los donativos a colegios concertados?"},"content":{"rendered":"<p>Una de las preguntas que se hacen padres y madres, en el momento que sus hijos empiezan el curso en una escuela concertada, es si los donativos que hacen a las fundaciones de estos colegios ser\u00e1n deducibles de cara del Impuesto de la renta de las Personas F\u00edsicas o no.<\/p>\n<p>La respuesta es bien sencilla, s\u00ed, siempre y cuando se siga cumpliendo los requisitos legales que se regulan en el <strong>art\u00edculo 68.3 de la Ley 35\/2006 del Impuesto sobre la Renta de las Personas F\u00edsicas<\/strong> y en la <strong>Ley 49\/2002 del R\u00e9gimen fiscal de las Entidades sin \u00c1nimo de Lucro y de los incentivos fiscales al mecenazgo<\/strong>.<\/p>\n<p>Hecho que no descarta que en casos puntuales la Agencia Tributaria detecte que el que constaba como donativo no lo era como tal y pida la regularizaci\u00f3n correspondiente.<\/p>\n<p>Esto ocurre cuando la AEAT detecta que hay una contraprestaci\u00f3n por este donativo y por tanto ya no es voluntario y financia alg\u00fan tipo de actividad ordinaria del colegio y repercute al alumno.<\/p>\n<p>Hay que diferenciar que el que desgrava en estos casos es el donativo a la fundaci\u00f3n del colegio en cuesti\u00f3n, no los otros pagos que se puedan derivar de la educaci\u00f3n del ni\u00f1o durante el curso escolar.<\/p>\n<p>Una actuaci\u00f3n de este tipo por parte de la Agencia Tributaria es la misma de los \u00faltimos a\u00f1os y por tanto, no ha habido ning\u00fan cambio legal ni de criterio para con esta ley.<\/p>\n<p>Goretti Molons<\/p>\n<p>Economista 16.069<\/p>\n<p>Departamento Fiscal y Contable<\/p>\n","protected":false},"excerpt":{"rendered":"<p>Los donativos que hacen padres y madres a las fundaciones de los colegios son deducibles de cara del Impuesto de la Renta de las Personas F\u00edsicas o no?<\/p>\n","protected":false},"author":1,"featured_media":980,"comment_status":"open","ping_status":"open","sticky":false,"template":"","format":"standard","meta":{"_joinchat":[],"footnotes":""},"categories":[9],"tags":[],"_links":{"self":[{"href":"https:\/\/www.sugranyes.com\/es\/wp-json\/wp\/v2\/posts\/982"}],"collection":[{"href":"https:\/\/www.sugranyes.com\/es\/wp-json\/wp\/v2\/posts"}],"about":[{"href":"https:\/\/www.sugranyes.com\/es\/wp-json\/wp\/v2\/types\/post"}],"author":[{"embeddable":true,"href":"https:\/\/www.sugranyes.com\/es\/wp-json\/wp\/v2\/users\/1"}],"replies":[{"embeddable":true,"href":"https:\/\/www.sugranyes.com\/es\/wp-json\/wp\/v2\/comments?post=982"}],"version-history":[{"count":1,"href":"https:\/\/www.sugranyes.com\/es\/wp-json\/wp\/v2\/posts\/982\/revisions"}],"predecessor-version":[{"id":3593,"href":"https:\/\/www.sugranyes.com\/es\/wp-json\/wp\/v2\/posts\/982\/revisions\/3593"}],"wp:featuredmedia":[{"embeddable":true,"href":"https:\/\/www.sugranyes.com\/es\/wp-json\/wp\/v2\/media\/980"}],"wp:attachment":[{"href":"https:\/\/www.sugranyes.com\/es\/wp-json\/wp\/v2\/media?parent=982"}],"wp:term":[{"taxonomy":"category","embeddable":true,"href":"https:\/\/www.sugranyes.com\/es\/wp-json\/wp\/v2\/categories?post=982"},{"taxonomy":"post_tag","embeddable":true,"href":"https:\/\/www.sugranyes.com\/es\/wp-json\/wp\/v2\/tags?post=982"}],"curies":[{"name":"wp","href":"https:\/\/api.w.org\/{rel}","templated":true}]}}