{"id":970,"date":"2019-09-07T12:00:19","date_gmt":"2019-09-07T10:00:19","guid":{"rendered":"https:\/\/www.sugranyes.com\/2019\/09\/les-persones-fisiques-professionals-han-de-constar-al-registre-mercantil\/"},"modified":"2023-10-18T12:21:32","modified_gmt":"2023-10-18T10:21:32","slug":"las-personas-fisicas-profesionales-deben-constar-en-el-registro-mercantil","status":"publish","type":"post","link":"https:\/\/www.sugranyes.com\/es\/2019\/09\/las-personas-fisicas-profesionales-deben-constar-en-el-registro-mercantil\/","title":{"rendered":"Las personas f\u00edsicas profesionales deben constar en el Registro Mercantil"},"content":{"rendered":"<p>Quedan obligadas a inscribirse en el Registro Mercantil las personas f\u00edsicas o jur\u00eddicas que de manera profesional o empresarial presten todos o algunos servicios descritos en el art\u00edculo 2.1. o) de la <strong>ley de prevenci\u00f3n del blanqueo de capitales y financiaci\u00f3n del terrorismo<\/strong>.<\/p>\n<p>Ser\u00edan las siguientes:<\/p>\n<ul>\n<li>Las que constituyen sociedades u otras personas jur\u00eddicas<\/li>\n<li>Ejercen funciones de direcci\u00f3n o de secretarios no consejeros del consejo de administraci\u00f3n o de asesor\u00eda externa de una sociedad, socio de una asociaci\u00f3n o funciones similares en relaci\u00f3n con otras personas jur\u00eddicas o disponer de que otra persona ejerza estas funciones.<\/li>\n<li>Ejercer funciones de Trust o instrumento jur\u00eddico similar o disponer de una persona que ejerza estas funciones; o ejercer funciones de accionista por cuenta de otra persona, exceptuando las sociedades que cotizan en un mercado regulado de la Uni\u00f3n Europea y est\u00e9n sujetas a requisitos de informaci\u00f3n de acuerdo con el Derecho de la Uni\u00f3n o a normas internacionales equivalentes que garantizan la adecuada transparencia la informaci\u00f3n sobre la propiedad, o disponer de una persona que ejerza estas funciones.<\/li>\n<\/ul>\n<p>Nuestro departamento jur\u00eddico con el objetivo del cumplimiento de la normativa vigente a nivel de empresas y profesionales ofrece la posibilidad de hacer los tr\u00e1mites correspondientes para registrar estas personas en el Registro Mercantil.<\/p>\n<p>Para m\u00e1s informaci\u00f3n no dude en ponerse en contacto con nosotros.<\/p>\n","protected":false},"excerpt":{"rendered":"<p>\u00bfTe afecta la ley de prevenci\u00f3n del blanqueo de capitales y financiaci\u00f3n del terrorismo? \u00bfQui\u00e9n debe darse de alta en el registro mercantil?<\/p>\n","protected":false},"author":1,"featured_media":967,"comment_status":"open","ping_status":"open","sticky":false,"template":"","format":"standard","meta":{"_joinchat":[],"footnotes":""},"categories":[9],"tags":[],"_links":{"self":[{"href":"https:\/\/www.sugranyes.com\/es\/wp-json\/wp\/v2\/posts\/970"}],"collection":[{"href":"https:\/\/www.sugranyes.com\/es\/wp-json\/wp\/v2\/posts"}],"about":[{"href":"https:\/\/www.sugranyes.com\/es\/wp-json\/wp\/v2\/types\/post"}],"author":[{"embeddable":true,"href":"https:\/\/www.sugranyes.com\/es\/wp-json\/wp\/v2\/users\/1"}],"replies":[{"embeddable":true,"href":"https:\/\/www.sugranyes.com\/es\/wp-json\/wp\/v2\/comments?post=970"}],"version-history":[{"count":1,"href":"https:\/\/www.sugranyes.com\/es\/wp-json\/wp\/v2\/posts\/970\/revisions"}],"predecessor-version":[{"id":3595,"href":"https:\/\/www.sugranyes.com\/es\/wp-json\/wp\/v2\/posts\/970\/revisions\/3595"}],"wp:featuredmedia":[{"embeddable":true,"href":"https:\/\/www.sugranyes.com\/es\/wp-json\/wp\/v2\/media\/967"}],"wp:attachment":[{"href":"https:\/\/www.sugranyes.com\/es\/wp-json\/wp\/v2\/media?parent=970"}],"wp:term":[{"taxonomy":"category","embeddable":true,"href":"https:\/\/www.sugranyes.com\/es\/wp-json\/wp\/v2\/categories?post=970"},{"taxonomy":"post_tag","embeddable":true,"href":"https:\/\/www.sugranyes.com\/es\/wp-json\/wp\/v2\/tags?post=970"}],"curies":[{"name":"wp","href":"https:\/\/api.w.org\/{rel}","templated":true}]}}