{"id":727,"date":"2019-02-22T07:30:23","date_gmt":"2019-02-22T06:30:23","guid":{"rendered":"https:\/\/www.sugranyes.com\/2019\/02\/que-es-el-model-347\/"},"modified":"2023-10-18T12:21:36","modified_gmt":"2023-10-18T10:21:36","slug":"que-es-el-modelo-347","status":"publish","type":"post","link":"https:\/\/www.sugranyes.com\/es\/2019\/02\/que-es-el-modelo-347\/","title":{"rendered":"\u00bfQu\u00e9 es el modelo 347?"},"content":{"rendered":"<div class=\"wpb-content-wrapper\"><p>[vc_row css_animation=\u00bb\u00bb row_type=\u00bbrow\u00bb use_row_as_full_screen_section=\u00bbno\u00bb type=\u00bbfull_width\u00bb angled_section=\u00bbno\u00bb text_align=\u00bbleft\u00bb background_image_as_pattern=\u00bbwithout_pattern\u00bb][vc_column][vc_row_inner row_type=\u00bbrow\u00bb type=\u00bbfull_width\u00bb text_align=\u00bbleft\u00bb css_animation=\u00bb\u00bb][vc_column_inner width=\u00bb1\/2&#8243;][vc_column_text]Una vez pasado el cierre del \u00faltimo trimestre de 2018 y presentadas las liquidaciones del IVA y IRPF en el caso de los aut\u00f3nomos, as\u00ed como tambi\u00e9n los res\u00famenes anuales, se abre el plazo para poder presentar el modelo 347 hasta finales de febrero.<\/p>\n<p>Pero como podemos saber si yo como peque\u00f1o empresario estoy obligado a presentarlo? Pues bien, es bien sencillo. Todas aquellas personas f\u00edsicas o jur\u00eddicas de desarrollan actividades empresariales o profesionales est\u00e1n obligadas a presentar esta declaraci\u00f3n de operaciones con terceras personas.<\/p>\n<p>Quedan excluidas aquellas sociedades o personas f\u00edsicas que tengan la sede de su actividad econ\u00f3mica fuera del estado; las personas f\u00edsicas que tributen con el m\u00e9todo de estimaci\u00f3n objetiva y al mismo tiempo en el IVA para reg\u00edmenes especiales simplificado o agricultura o recargo de equivalencia, excepto para las operaciones que emitan una factura; y aquellas sociedades o personas f\u00edsicas que no realicen operaciones superiores a 3005.06 euros con terceras personas.[\/vc_column_text][\/vc_column_inner][vc_column_inner width=\u00bb1\/2&#8243;][vc_single_image image=\u00bb719&#8243; img_size=\u00bbfull\u00bb add_caption=\u00bbyes\u00bb alignment=\u00bbcenter\u00bb onclick=\u00bbcustom_link\u00bb img_link_target=\u00bb_blank\u00bb qode_css_animation=\u00bb\u00bb link=\u00bbhttps:\/\/www.agenciatributaria.es\/static_files\/AEAT\/Contenidos_Comunes\/La_Agencia_Tributaria\/Modelos_y_formularios\/Declaraciones\/Modelos_300_al_399\/347\/Inst_347_2014.pdf\u00bb][\/vc_column_inner][\/vc_row_inner][vc_empty_space][vc_column_text]Entendemos importe superior a 3005,06 euros con terceras personas el importe total de la contraprestaci\u00f3n. Es decir, el importe total de las facturas, con IVA incluido. Estas operaciones se desglosan dentro del modelo seg\u00fan trimestres con excepci\u00f3n de las operaciones percibidas en met\u00e1lico o las que est\u00e1n declaradas como sujeto pasivo o por criterio de caja. Las operaciones deben ser limpias, es decir con las devoluciones y los descuentos incluidos.<\/p>\n<p>Para la presentaci\u00f3n de este modelo es necesario tener una contabilidad fiable y real de la actividad de la empresa. Es por ello que desde nuestras gestor\u00edas cuidamos nuestras empresas para poder presentar los impuestos de manera correcta y cumplan todos los requisitos en que est\u00e1n obligadas. Nuestro compromiso es poder ofrecer a su empresa un servicio fiscal y contable adecuado para presentar los impuestos de manera correcta y dentro de los plazos establecidos.[\/vc_column_text][\/vc_column][\/vc_row]<\/p>\n<\/div>","protected":false},"excerpt":{"rendered":"<p>Se abre el plazo para poder presentar el modelo 347. \u00bfC\u00f3mo podemos saber si yo como peque\u00f1o empresario estoy obligado a presentarlo?<\/p>\n","protected":false},"author":1,"featured_media":720,"comment_status":"open","ping_status":"open","sticky":false,"template":"","format":"standard","meta":{"_joinchat":[],"footnotes":""},"categories":[9],"tags":[],"_links":{"self":[{"href":"https:\/\/www.sugranyes.com\/es\/wp-json\/wp\/v2\/posts\/727"}],"collection":[{"href":"https:\/\/www.sugranyes.com\/es\/wp-json\/wp\/v2\/posts"}],"about":[{"href":"https:\/\/www.sugranyes.com\/es\/wp-json\/wp\/v2\/types\/post"}],"author":[{"embeddable":true,"href":"https:\/\/www.sugranyes.com\/es\/wp-json\/wp\/v2\/users\/1"}],"replies":[{"embeddable":true,"href":"https:\/\/www.sugranyes.com\/es\/wp-json\/wp\/v2\/comments?post=727"}],"version-history":[{"count":1,"href":"https:\/\/www.sugranyes.com\/es\/wp-json\/wp\/v2\/posts\/727\/revisions"}],"predecessor-version":[{"id":3617,"href":"https:\/\/www.sugranyes.com\/es\/wp-json\/wp\/v2\/posts\/727\/revisions\/3617"}],"wp:featuredmedia":[{"embeddable":true,"href":"https:\/\/www.sugranyes.com\/es\/wp-json\/wp\/v2\/media\/720"}],"wp:attachment":[{"href":"https:\/\/www.sugranyes.com\/es\/wp-json\/wp\/v2\/media?parent=727"}],"wp:term":[{"taxonomy":"category","embeddable":true,"href":"https:\/\/www.sugranyes.com\/es\/wp-json\/wp\/v2\/categories?post=727"},{"taxonomy":"post_tag","embeddable":true,"href":"https:\/\/www.sugranyes.com\/es\/wp-json\/wp\/v2\/tags?post=727"}],"curies":[{"name":"wp","href":"https:\/\/api.w.org\/{rel}","templated":true}]}}