{"id":668,"date":"2019-01-26T12:44:55","date_gmt":"2019-01-26T11:44:55","guid":{"rendered":"https:\/\/www.sugranyes.com\/2019\/01\/novetats-en-materia-de-proteccio-de-dades\/"},"modified":"2023-10-18T12:21:36","modified_gmt":"2023-10-18T10:21:36","slug":"novedades-en-materia-de-proteccion-de-datos","status":"publish","type":"post","link":"https:\/\/www.sugranyes.com\/es\/2019\/01\/novedades-en-materia-de-proteccion-de-datos\/","title":{"rendered":"Novedades en materia de protecci\u00f3n de datos"},"content":{"rendered":"<div class=\"wpb-content-wrapper\"><p>[vc_row css_animation=\u00bb\u00bb row_type=\u00bbrow\u00bb use_row_as_full_screen_section=\u00bbno\u00bb type=\u00bbfull_width\u00bb angled_section=\u00bbno\u00bb text_align=\u00bbleft\u00bb background_image_as_pattern=\u00bbwithout_pattern\u00bb][vc_column][vc_column_text]<strong>Su empresa est\u00e1 obligada a designar un Delegado de Protecci\u00f3n de Datos ?. Como lo puedo saber?<\/strong><\/p>\n<p><strong>La respuesta se encuentra en el art\u00edculo 34 de la nueva Ley Org\u00e1nica de Protecci\u00f3n de Datos<\/strong>, la cual establece unos supuestos en los que en todo caso, por tanto, de manera obligatoria, se deber\u00e1 designar un delegado de protecci\u00f3n de datos. La Agencia Espa\u00f1ola de Protecci\u00f3n de Datos podr\u00e1 comprobar si se ha realizado esta designaci\u00f3n o no y se pueden imponer sanciones econ\u00f3micas elevadas en caso de incumplimiento de la nueva ley.<\/p>\n<p>El pasado 6 de diciembre de 2018 se public\u00f3 en el Bolet\u00edn Oficial del Estado la nueva Ley Org\u00e1nica de Protecci\u00f3n de Datos y Garant\u00eda de los Derechos Digitales ( \u00abLOPDGDD\u00bb), entrando en vigor el d\u00eda siguiente de su publicaci\u00f3n, es decir , el d\u00eda 7 de diciembre de 2018.<\/p>\n<p>La LOPDGDD tiene como fundamento la adaptaci\u00f3n al ordenamiento jur\u00eddico espa\u00f1ol el Reglamento General de Protecci\u00f3n de Datos (RGPD). Con la entrada en vigor de esta nueva Ley, se deroga la antigua Ley Org\u00e1nica de Protecci\u00f3n de Datos 15\/1999, de 13 de diciembre, as\u00ed como el Real Decreto 5\/2018, de 27 de julio, aprobado con car\u00e1cter urgente con el fin de implementar una serie de medidas para adaptar la legislaci\u00f3n espa\u00f1ola al RGPD.<\/p>\n<p>Es importante el art\u00edculo 34 relativo a la designaci\u00f3n de un delegado de protecci\u00f3n de datos, el cual establece que, en todo caso, <strong>se deber\u00e1 designar un Delegado de Protecci\u00f3n de Datos en las siguientes entidades:<\/strong>[\/vc_column_text][\/vc_column][\/vc_row][vc_row css_animation=\u00bb\u00bb row_type=\u00bbrow\u00bb use_row_as_full_screen_section=\u00bbno\u00bb type=\u00bbfull_width\u00bb angled_section=\u00bbno\u00bb text_align=\u00bbleft\u00bb background_image_as_pattern=\u00bbwithout_pattern\u00bb][vc_column]<div class='q_list circle'><\/p>\n<ul>\n<li>Los <strong>colegios profesionale<\/strong>s y sus consejeros generales.<\/li>\n<li>Los<strong> centros docentes<\/strong> que ofrezcan ense\u00f1anzas en cualquiera de los niveles establecidos en la legislaci\u00f3n reguladora del derecho a la educaci\u00f3n, as\u00ed como a las Universidades publicas y privadas.<\/li>\n<li>Las <strong>entidades que explotan redes<\/strong> y prestan servicios de comunicaciones electr\u00f3nicas conforme a lo dispuesto en su legislaci\u00f3n espec\u00edfica, cuando traten habitual y sistem\u00e1ticamente datos personales a gran escala.<\/li>\n<li>Los <strong>prestadores de servicios de la sociedad de la informaci\u00f3n<\/strong> cuando elaboren a gran escala perfiles de los usuarios del servicio.<\/li>\n<li>Las <strong>entidades incluidas en el art\u00edculo 1 de la Ley 10\/2014, de 26 de junio<\/strong>, de ordenaci\u00f3n, supervisi\u00f3n y solvencia de entidades de cr\u00e9dito.<\/li>\n<li>Las <strong>entidades aseguradoras y reaseguradoras<\/strong>.<\/li>\n<li>Las<strong> empresas de servicios de inversi\u00f3n<\/strong>, reguladas por la legislaci\u00f3n del Mercado de Valores.<\/li>\n<li>Los <strong>distribuidores y comercializadores de energ\u00eda el\u00e9ctrica<\/strong> y los <strong>distribuidores y comercializadores de gas natural<\/strong>.<\/li>\n<li>Las <strong>entidades responsables de ficheros comunes<\/strong> para la evaluaci\u00f3n de la solvencia patrimonial y cr\u00e9dito o de los ficheros comunes para la gesti\u00f3n y prevenci\u00f3n del fraude, incluyendo a los responsables de los ficheros regulados por la legislaci\u00f3n de prevenci\u00f3n del blanqueo de capitales y de la financiaci\u00f3n del terrorismo.<\/li>\n<li>Las <strong>entidades que desarrollan actividades de publicidad y prospecci\u00f3n comercial<\/strong>, incluyendo las de investigaci\u00f3n comercial y de mercados, cuando lleven a cabo tratamiento basados \u200b\u200ben las preferencias de los afectados o realicen actividades que impliquen la elaboraci\u00f3n de perfiles de los mismos.<\/li>\n<li>Los <strong>centros sanitarios<\/strong> legalmente obligados al mantenimiento de las historias cl\u00ednicas de los pacientes. Excepci\u00f3n: los profesionales de la salud que ejerzan a t\u00edtulo individual.<\/li>\n<li>Las entidades que tengan como uno de los objetos la emisi\u00f3n de informes comerciales que puedan referirse a personas f\u00edsicas.<\/li>\n<li>Los <strong>operadores que desarrollan la actividad de juego<\/strong> a trav\u00e9s de canales electr\u00f3nicos, inform\u00e1ticos, telem\u00e1ticos e interactivos, conforme a la normativa de regulaci\u00f3n del juego.<\/li>\n<li>Las <strong>empresas de seguridad privada<\/strong>.<\/li>\n<li>Las <strong>federaciones deportivas<\/strong> cuando traten de datos de menores de edad.<\/li>\n<\/ul>\n<p><\/div>[\/vc_column][\/vc_row][vc_row css_animation=\u00bb\u00bb row_type=\u00bbrow\u00bb use_row_as_full_screen_section=\u00bbno\u00bb type=\u00bbfull_width\u00bb angled_section=\u00bbno\u00bb text_align=\u00bbleft\u00bb background_image_as_pattern=\u00bbwithout_pattern\u00bb][vc_column][vc_column_text]Si se encuentra en alguna de los supuestos anteriores, estar\u00eda obligado a designar un Delegado de Protecci\u00f3n de Datos.<\/p>\n<p>Para cualquier duda, aclaraci\u00f3n, o por si quieren contratar con nuestro servicio de protecci\u00f3n de datos, pueden contactar a trav\u00e9s del siguiente correo electr\u00f3nico:<\/p>\n<p><a href=\"mailto:protecciodedades@sugranyes.com\">protecciodedades@sugranyes.com<\/a>.[\/vc_column_text][\/vc_column][\/vc_row]<\/p>\n<\/div>","protected":false},"excerpt":{"rendered":"<p>\u00bfSu empresa est\u00e1 obligada a designar un Delegado de Protecci\u00f3n de Datos? \u00bfComo lo puedo saber? En este escrito encontrar\u00e1s todas las respuestas.<\/p>\n","protected":false},"author":1,"featured_media":666,"comment_status":"open","ping_status":"open","sticky":false,"template":"","format":"standard","meta":{"_joinchat":[],"footnotes":""},"categories":[9],"tags":[],"_links":{"self":[{"href":"https:\/\/www.sugranyes.com\/es\/wp-json\/wp\/v2\/posts\/668"}],"collection":[{"href":"https:\/\/www.sugranyes.com\/es\/wp-json\/wp\/v2\/posts"}],"about":[{"href":"https:\/\/www.sugranyes.com\/es\/wp-json\/wp\/v2\/types\/post"}],"author":[{"embeddable":true,"href":"https:\/\/www.sugranyes.com\/es\/wp-json\/wp\/v2\/users\/1"}],"replies":[{"embeddable":true,"href":"https:\/\/www.sugranyes.com\/es\/wp-json\/wp\/v2\/comments?post=668"}],"version-history":[{"count":1,"href":"https:\/\/www.sugranyes.com\/es\/wp-json\/wp\/v2\/posts\/668\/revisions"}],"predecessor-version":[{"id":3623,"href":"https:\/\/www.sugranyes.com\/es\/wp-json\/wp\/v2\/posts\/668\/revisions\/3623"}],"wp:featuredmedia":[{"embeddable":true,"href":"https:\/\/www.sugranyes.com\/es\/wp-json\/wp\/v2\/media\/666"}],"wp:attachment":[{"href":"https:\/\/www.sugranyes.com\/es\/wp-json\/wp\/v2\/media?parent=668"}],"wp:term":[{"taxonomy":"category","embeddable":true,"href":"https:\/\/www.sugranyes.com\/es\/wp-json\/wp\/v2\/categories?post=668"},{"taxonomy":"post_tag","embeddable":true,"href":"https:\/\/www.sugranyes.com\/es\/wp-json\/wp\/v2\/tags?post=668"}],"curies":[{"name":"wp","href":"https:\/\/api.w.org\/{rel}","templated":true}]}}