{"id":658,"date":"2019-01-23T12:45:33","date_gmt":"2019-01-23T11:45:33","guid":{"rendered":"https:\/\/www.sugranyes.com\/2019\/01\/que-es-el-pla-vea-2019\/"},"modified":"2023-10-18T12:21:37","modified_gmt":"2023-10-18T10:21:37","slug":"que-es-el-pla-vea-2019","status":"publish","type":"post","link":"https:\/\/www.sugranyes.com\/es\/2019\/01\/que-es-el-pla-vea-2019\/","title":{"rendered":"\u00bfQu\u00e9 es el Plan VEA 2019?"},"content":{"rendered":"<p>El principal objetivo del Plan VEA 2019 es renovar el parque automovil\u00edstico de todo el Estado con la llegada de coches que utilicen energ\u00edas alternativas y est\u00e9n m\u00e1s comprometidos con el medio ambiente. Ya que, actualmente, Espa\u00f1a es de los pa\u00edses con menor presencia de los veh\u00edculos el\u00e9ctricos.<\/p>\n<p>El funcionamiento de este plan se basa principalmente a partir de ayudas que el Estado ofrecer\u00e1 para crear incentivos de compra de este tipo de autom\u00f3viles y tambi\u00e9n de las infraestructuras necesarias para que sean viables. El presupuesto de este plan es de unos 67 millones de euros repartidos entre dos partidas.<\/p>\n<p>La primera partida va destinada a la compra de veh\u00edculos que utilicen energ\u00edas alternativas. Es decir, no s\u00f3lo aquellos que sean el\u00e9ctricos al cien por cien sino tambi\u00e9n a h\u00edbridos enchufables. Se est\u00e1 hablando de unos 50 millones de euros que se podr\u00edan aumentar si se tienen en cuenta el sobrante del presupuesto del a\u00f1o anterior.<\/p>\n<p>La segunda parte de la partida del presupuesto est\u00e1 destinada a todas aquellas acciones e infraestructuras para que circular con un veh\u00edculo el\u00e9ctrico para cualquier ciudad o municipio sea viable y no s\u00f3lo se quede en las grandes ciudades. Ya que puede ser uno de los inconveniente a la hora de comprar un coche. Esta partida incluye puntos de recarga para los coches el\u00e9ctricos, plazas de parking adaptadas y en el conjunto de las zonas de aparcamiento de todo el Estado.<\/p>\n<p>El plan se pondr\u00e1 en marcha durante los primeros meses de 2019 seg\u00fan ha confirmado el Ministerio de Medio Ambiente, adem\u00e1s de un nuevo Plan Renove por 2.019.<\/p>\n<p>El Plan VEA se llevar\u00e1 a cabo a trav\u00e9s del Instituto para la Diversificaci\u00f3n y Ahorro de Energ\u00eda al frente de Joan Herrera.<\/p>\n","protected":false},"excerpt":{"rendered":"<p>EL principal objetivo del Plan VEA 2019 es renovar el parque automovil\u00edstico de todo el Estado con la llegada de coches que utilicen energ\u00edas alternativas y est\u00e9n m\u00e1s comprometidos con el medio ambiente. Actualmente, Espa\u00f1a es de los pa\u00edses con menor presencia de los veh\u00edculos el\u00e9ctricos.<\/p>\n","protected":false},"author":1,"featured_media":656,"comment_status":"open","ping_status":"open","sticky":false,"template":"","format":"standard","meta":{"_joinchat":[],"footnotes":""},"categories":[9],"tags":[],"_links":{"self":[{"href":"https:\/\/www.sugranyes.com\/es\/wp-json\/wp\/v2\/posts\/658"}],"collection":[{"href":"https:\/\/www.sugranyes.com\/es\/wp-json\/wp\/v2\/posts"}],"about":[{"href":"https:\/\/www.sugranyes.com\/es\/wp-json\/wp\/v2\/types\/post"}],"author":[{"embeddable":true,"href":"https:\/\/www.sugranyes.com\/es\/wp-json\/wp\/v2\/users\/1"}],"replies":[{"embeddable":true,"href":"https:\/\/www.sugranyes.com\/es\/wp-json\/wp\/v2\/comments?post=658"}],"version-history":[{"count":1,"href":"https:\/\/www.sugranyes.com\/es\/wp-json\/wp\/v2\/posts\/658\/revisions"}],"predecessor-version":[{"id":3625,"href":"https:\/\/www.sugranyes.com\/es\/wp-json\/wp\/v2\/posts\/658\/revisions\/3625"}],"wp:featuredmedia":[{"embeddable":true,"href":"https:\/\/www.sugranyes.com\/es\/wp-json\/wp\/v2\/media\/656"}],"wp:attachment":[{"href":"https:\/\/www.sugranyes.com\/es\/wp-json\/wp\/v2\/media?parent=658"}],"wp:term":[{"taxonomy":"category","embeddable":true,"href":"https:\/\/www.sugranyes.com\/es\/wp-json\/wp\/v2\/categories?post=658"},{"taxonomy":"post_tag","embeddable":true,"href":"https:\/\/www.sugranyes.com\/es\/wp-json\/wp\/v2\/tags?post=658"}],"curies":[{"name":"wp","href":"https:\/\/api.w.org\/{rel}","templated":true}]}}