{"id":635,"date":"2018-12-31T13:38:58","date_gmt":"2018-12-31T12:38:58","guid":{"rendered":"https:\/\/www.sugranyes.com\/2018\/12\/els-policies-locals-podran-reduir-ledat-de-jubilacio-amb-nous-correctors\/"},"modified":"2023-10-18T12:21:37","modified_gmt":"2023-10-18T10:21:37","slug":"los-policias-locales-podran-reducir-la-edad-de-jubilacion-con-nuevos-correctores","status":"publish","type":"post","link":"https:\/\/www.sugranyes.com\/es\/2018\/12\/los-policias-locales-podran-reducir-la-edad-de-jubilacion-con-nuevos-correctores\/","title":{"rendered":"Los polic\u00edas locales podr\u00e1n reducir la edad de jubilaci\u00f3n con nuevos correctores"},"content":{"rendered":"<p>A partir del 2 de enero de 2019 se har\u00e1 efectivo la nueva aprobaci\u00f3n del Real Decreto 1449\/2018 donde se establece el coeficiente reductor de la edad de jubilaci\u00f3n a favor de los polic\u00edas locales de las entidades municipales donde trabajen.<\/p>\n<p>El tiempo que se les reduce es el per\u00edodo equivalente a aplicar a los a\u00f1os completos efectivamente trabajados como polic\u00edas locales el coeficiente reductor de 0,20. Se consideran efectivos el tiempo dedicado a la actividad como polic\u00eda local, descontando los d\u00edas de incapacidad temporal por enfermedad, las bajas por maternidad o paternidad y los permisos y licencias retribuidas. Es decir, que se aplica sobre los d\u00edas realmente trabajados como polic\u00edas locales.<\/p>\n<p>El hecho de reducir el tiempo de jubilaci\u00f3n implicar\u00eda tambi\u00e9n menos cotizaci\u00f3n por parte del trabajador a la Seguridad Social. Es por ello que se establece un aumento de la cotizaci\u00f3n de la Seguridad Social de forma adicional para que se pueda mantener lo que se llama equilibrio financiero.<\/p>\n<p>Por tanto, las Administraciones P\u00fablicas que tienen competencia de Polic\u00edas Locales deber\u00e1n regularizarse con fecha 02\/01\/2019 pero con efectos de 01\/01\/2019. Este tr\u00e1mite deber\u00e1n realizarlo a trav\u00e9s de su usuario RED y comunicando la relaci\u00f3n de datos de polic\u00edas locales.<\/p>\n<p><strong>Se recomienda que antes de finalizar el mes de enero de 2019 los Ayuntamientos y entes p\u00fablicos tengan regularizada esta situaci\u00f3n para verificar que los datos y que se est\u00e1 cotizando correctamente a todos los polic\u00edas locales.<\/strong><\/p>\n<p>Sugranyes Grupo de Asesores somos gestores especializados en temas de administraciones p\u00fablicas y ponemos a su alcance todo nuestro equipo de profesionales para regularizar este tr\u00e1mite y cualquier otro relacionado con las administraciones. Nos avalan a\u00f1os de experiencia y un equipo cualificado.<\/p>\n","protected":false},"excerpt":{"rendered":"<p>A partir del 2 de enero de 2019 se har\u00e1 efectivo la nueva aprobaci\u00f3n del Real Decreto 1449\/2018 donde se establece el coeficiente reductor de la edad de jubilaci\u00f3n a favor de los polic\u00edas locales de las entidades municipales donde trabajen. El tiempo que se&#8230;<\/p>\n","protected":false},"author":1,"featured_media":633,"comment_status":"open","ping_status":"open","sticky":false,"template":"","format":"standard","meta":{"_joinchat":[],"footnotes":""},"categories":[9],"tags":[],"_links":{"self":[{"href":"https:\/\/www.sugranyes.com\/es\/wp-json\/wp\/v2\/posts\/635"}],"collection":[{"href":"https:\/\/www.sugranyes.com\/es\/wp-json\/wp\/v2\/posts"}],"about":[{"href":"https:\/\/www.sugranyes.com\/es\/wp-json\/wp\/v2\/types\/post"}],"author":[{"embeddable":true,"href":"https:\/\/www.sugranyes.com\/es\/wp-json\/wp\/v2\/users\/1"}],"replies":[{"embeddable":true,"href":"https:\/\/www.sugranyes.com\/es\/wp-json\/wp\/v2\/comments?post=635"}],"version-history":[{"count":1,"href":"https:\/\/www.sugranyes.com\/es\/wp-json\/wp\/v2\/posts\/635\/revisions"}],"predecessor-version":[{"id":3629,"href":"https:\/\/www.sugranyes.com\/es\/wp-json\/wp\/v2\/posts\/635\/revisions\/3629"}],"wp:featuredmedia":[{"embeddable":true,"href":"https:\/\/www.sugranyes.com\/es\/wp-json\/wp\/v2\/media\/633"}],"wp:attachment":[{"href":"https:\/\/www.sugranyes.com\/es\/wp-json\/wp\/v2\/media?parent=635"}],"wp:term":[{"taxonomy":"category","embeddable":true,"href":"https:\/\/www.sugranyes.com\/es\/wp-json\/wp\/v2\/categories?post=635"},{"taxonomy":"post_tag","embeddable":true,"href":"https:\/\/www.sugranyes.com\/es\/wp-json\/wp\/v2\/tags?post=635"}],"curies":[{"name":"wp","href":"https:\/\/api.w.org\/{rel}","templated":true}]}}