{"id":570,"date":"2018-11-26T16:18:55","date_gmt":"2018-11-26T15:18:55","guid":{"rendered":"http:\/\/www.sugranyes.com\/2018\/11\/la-quota-dautonoms-incrementa-63e-anuals\/"},"modified":"2023-10-18T12:21:39","modified_gmt":"2023-10-18T10:21:39","slug":"la-cuota-de-autonomos-se-incrementa-en-63e-anuales","status":"publish","type":"post","link":"https:\/\/www.sugranyes.com\/es\/2018\/11\/la-cuota-de-autonomos-se-incrementa-en-63e-anuales\/","title":{"rendered":"La cuota de aut\u00f3nomos se incrementa en 63\u20ac anuales"},"content":{"rendered":"<p>Tras largas reuniones entre el Gobierno Espa\u00f1ol y las organizaciones ATA y UPTA han llegado al acuerdo del aumento de la cuota de los aut\u00f3nomos de unos 60 euros anuales a partir del 1 de enero de 2019. Cifra muy inferior al aumento de los 260 euros que propon\u00eda inicialmente el Gobierno y que la ATA y UPTA se\u00f1alaron de inasumibles.<\/p>\n<p>Muchos aut\u00f3nomos se preguntar\u00e1n qu\u00e9 significa este aumento al d\u00eda a d\u00eda de su actividad y su situaci\u00f3n respecto a las coberturas de la Seguridad Social. Ya que la ATA y la UPTA han aceptado este incremento a cambio de mejoras. Estamos hablando de:<\/p>\n<ul>\n<li>Derecho a cobrar el paro en el momento de cesar la actividad.<\/li>\n<li>Derecho a cobrar si se forman<\/li>\n<li>Derecho a cobrar si est\u00e1n de baja por un accidente laboral o enfermedad profesional. Bonificaci\u00f3n del 100% en IT.<\/li>\n<li>Exenci\u00f3n de pagar la cuota de aut\u00f3nomos si sufre una enfermedad de larga duraci\u00f3n.<\/li>\n<\/ul>\n<p>&nbsp;<\/p>\n<p>Totes aquestes millores seran possibles augmentant la quota dels aut\u00f2noms uns 5,63\u20ac\/mes (uns 63 euros l\u2019any) i uns 82\u20ac\/l\u2019any en el cas dels aut\u00f2noms societaris. Tot i aix\u00ed, l\u2019objectiu del Govern espanyol \u00e9s aconseguir una cotitzaci\u00f3 segons els ingressos reals dels aut\u00f2noms de cara el 2019.<\/p>\n<p>&nbsp;<\/p>\n<p>Goretti Molons<\/p>\n<p>Graduada en Ciencias Empresariales y Management<\/p>\n<p>Economista 16.069<\/p>\n","protected":false},"excerpt":{"rendered":"<p>Tras largas reuniones entre el Gobierno Espa\u00f1ol y las organizaciones ATA y UPTA han llegado al acuerdo del aumento de la cuota de los aut\u00f3nomos de unos 60 euros anuales a partir del 1 de enero de 2019. Cifra muy inferior al aumento de los&#8230;<\/p>\n","protected":false},"author":1,"featured_media":564,"comment_status":"open","ping_status":"open","sticky":false,"template":"","format":"standard","meta":{"_joinchat":[],"footnotes":""},"categories":[9],"tags":[],"_links":{"self":[{"href":"https:\/\/www.sugranyes.com\/es\/wp-json\/wp\/v2\/posts\/570"}],"collection":[{"href":"https:\/\/www.sugranyes.com\/es\/wp-json\/wp\/v2\/posts"}],"about":[{"href":"https:\/\/www.sugranyes.com\/es\/wp-json\/wp\/v2\/types\/post"}],"author":[{"embeddable":true,"href":"https:\/\/www.sugranyes.com\/es\/wp-json\/wp\/v2\/users\/1"}],"replies":[{"embeddable":true,"href":"https:\/\/www.sugranyes.com\/es\/wp-json\/wp\/v2\/comments?post=570"}],"version-history":[{"count":1,"href":"https:\/\/www.sugranyes.com\/es\/wp-json\/wp\/v2\/posts\/570\/revisions"}],"predecessor-version":[{"id":3641,"href":"https:\/\/www.sugranyes.com\/es\/wp-json\/wp\/v2\/posts\/570\/revisions\/3641"}],"wp:featuredmedia":[{"embeddable":true,"href":"https:\/\/www.sugranyes.com\/es\/wp-json\/wp\/v2\/media\/564"}],"wp:attachment":[{"href":"https:\/\/www.sugranyes.com\/es\/wp-json\/wp\/v2\/media?parent=570"}],"wp:term":[{"taxonomy":"category","embeddable":true,"href":"https:\/\/www.sugranyes.com\/es\/wp-json\/wp\/v2\/categories?post=570"},{"taxonomy":"post_tag","embeddable":true,"href":"https:\/\/www.sugranyes.com\/es\/wp-json\/wp\/v2\/tags?post=570"}],"curies":[{"name":"wp","href":"https:\/\/api.w.org\/{rel}","templated":true}]}}