{"id":3964,"date":"2025-02-10T21:48:18","date_gmt":"2025-02-10T20:48:18","guid":{"rendered":"https:\/\/www.sugranyes.com\/2025\/02\/entrevista-a-josep-palleja-a-la-xarxa-sobre-els-ajuts-al-cotxe-electric\/"},"modified":"2025-09-01T22:56:28","modified_gmt":"2025-09-01T20:56:28","slug":"entrevista-a-sugranyes-assessors-en-television-sobre-el-cobro-de-las-ayudas-plan-moves-iii","status":"publish","type":"post","link":"https:\/\/www.sugranyes.com\/es\/2025\/02\/entrevista-a-sugranyes-assessors-en-television-sobre-el-cobro-de-las-ayudas-plan-moves-iii\/","title":{"rendered":"Entrevista a Sugranyes Assessors en televisi\u00f3n sobre el cobro de las ayudas PLAN MOVES III"},"content":{"rendered":"\n<div class=\"wp-block-group\"><div class=\"wp-block-group__inner-container is-layout-constrained wp-block-group-is-layout-constrained\">\n<p>Hoy, el presidente de la Generalitat, Salvador Illa, ha impulsado un <a href=\"https:\/\/govern.cat\/salapremsa\/notes-premsa\/680002\/president-illa-amb-plan-dimpuls-del-vehicle-electric-mobilitzarem-mes-1400-millones-deuros-cinc\">nuevo plan para fomentar el veh\u00edculo el\u00e9ctrico<\/a>. Este plan incluye 20 iniciativas destinadas a reactivar las ventas de veh\u00edculos el\u00e9ctricos en Catalu\u00f1a.<\/p>\n\n\n\n<p>Sin embargo, en lo referente a las ayudas existentes para la compra de veh\u00edculos el\u00e9ctricos como el Plan MOVES III, s\u00f3lo el 30% de los solicitantes han recibido ya el pago de la ayuda.<\/p>\n\n\n\n<p>Sugranyes Assessors ha sido consultado al respecto en una entrevista en el canal de televisi\u00f3n <em>la Xarxa<\/em>. Podr\u00e9is ver la entrevista en el siguiente enlace: <a href=\"https:\/\/www.laxarxa.cat\/programa\/noticies-en-xarxa-tv-mati\/relacionat\/la-tramitacio-de-les-ajudas-al-vehicle-electric-no-esta-pensada-per-a-un-particular-\"><strong>https:\/\/www.laxarxa.cat\/programa\/noticies-en-xarxa-tv-mati\/relacionat\/la-tramitacio-de-les-ajudas-al-vehicle-electric-no-esta-pensada-per-a-un-particular-<\/strong><\/a><\/p>\n\n\n\n<p>Durante la entrevista, Sugranyes Assessors ha subrayado las dificultades que se presentan tanto en el proceso de solicitar la ayuda como en el de recibir el pago, lo que a menudo requiere la ayuda de profesionales. \u00c9ste es precisamente uno de los valores a\u00f1adidos que ofrecemos en Gestor\u00eda Sugranyes: somos expertos en la tramitaci\u00f3n de ayudas.<\/p>\n\n\n\n<p>Contacta con nosotros sin compromiso, respondemos en menos de 24 horas.<\/p>\n\n\n\n<div class=\"wp-block-buttons is-layout-flex wp-block-buttons-is-layout-flex\">\n<div class=\"wp-block-button\"><a class=\"wp-block-button__link wp-element-button\" href=\"https:\/\/www.laxarxa.cat\/programa\/noticies-en-red-tv-mati\/relacionado\/la-tramitacio-de-les-ayudas-al-vehicle _blank\" rel=\"noreferrer noopener\">Ver v\u00eddeo de la entrevista<\/a><\/div>\n<\/div>\n<\/div><\/div>\n","protected":false},"excerpt":{"rendered":"<p>L&#8217;advocat Josep Pallej\u00e0 ha estat consultat a la televisi\u00f3 sobre la necessitat de l&#8217;ajuda professional per al cobrament de les ajudes del pla MOVES III.<\/p>\n","protected":false},"author":1,"featured_media":3958,"comment_status":"closed","ping_status":"closed","sticky":false,"template":"","format":"standard","meta":{"_joinchat":[],"footnotes":""},"categories":[9],"tags":[],"_links":{"self":[{"href":"https:\/\/www.sugranyes.com\/es\/wp-json\/wp\/v2\/posts\/3964"}],"collection":[{"href":"https:\/\/www.sugranyes.com\/es\/wp-json\/wp\/v2\/posts"}],"about":[{"href":"https:\/\/www.sugranyes.com\/es\/wp-json\/wp\/v2\/types\/post"}],"author":[{"embeddable":true,"href":"https:\/\/www.sugranyes.com\/es\/wp-json\/wp\/v2\/users\/1"}],"replies":[{"embeddable":true,"href":"https:\/\/www.sugranyes.com\/es\/wp-json\/wp\/v2\/comments?post=3964"}],"version-history":[{"count":8,"href":"https:\/\/www.sugranyes.com\/es\/wp-json\/wp\/v2\/posts\/3964\/revisions"}],"predecessor-version":[{"id":4014,"href":"https:\/\/www.sugranyes.com\/es\/wp-json\/wp\/v2\/posts\/3964\/revisions\/4014"}],"wp:featuredmedia":[{"embeddable":true,"href":"https:\/\/www.sugranyes.com\/es\/wp-json\/wp\/v2\/media\/3958"}],"wp:attachment":[{"href":"https:\/\/www.sugranyes.com\/es\/wp-json\/wp\/v2\/media?parent=3964"}],"wp:term":[{"taxonomy":"category","embeddable":true,"href":"https:\/\/www.sugranyes.com\/es\/wp-json\/wp\/v2\/categories?post=3964"},{"taxonomy":"post_tag","embeddable":true,"href":"https:\/\/www.sugranyes.com\/es\/wp-json\/wp\/v2\/tags?post=3964"}],"curies":[{"name":"wp","href":"https:\/\/api.w.org\/{rel}","templated":true}]}}