{"id":3794,"date":"2024-05-23T08:23:33","date_gmt":"2024-05-23T06:23:33","guid":{"rendered":"https:\/\/www.sugranyes.com\/?p=3794"},"modified":"2024-05-23T08:37:06","modified_gmt":"2024-05-23T06:37:06","slug":"cuando-me-podre-jubilar","status":"publish","type":"post","link":"https:\/\/www.sugranyes.com\/es\/2024\/05\/cuando-me-podre-jubilar\/","title":{"rendered":"Conoce c\u00f3mo, cu\u00e1ndo y con qu\u00e9 pensi\u00f3n te podr\u00e1s jubilar"},"content":{"rendered":"\n<h2 class=\"wp-block-heading\">\u00bfCu\u00e1ndo me podr\u00e9 jubilar?<\/h2>\n\n\n\n<p>En 2024 si tengo acumulados 38 a\u00f1os o m\u00e1s podr\u00e9 jubilarme a los 65 a\u00f1os, en caso contrario deber\u00e9 esperar hasta los \u00a066 a\u00f1os y 6 meses.<\/p>\n\n\n\n<p>La edad legal de jubilaci\u00f3n ordinaria est\u00e1 increment\u00e1ndose, a\u00f1o tras a\u00f1o, durante un periodo transitorio que terminar\u00e1 en 2027. A partir de 2027 la edad de jubilaci\u00f3n ordinaria ser\u00e1 de 67 a\u00f1os para el caso de aquellas personas que hayan cotizado menos de 38 a\u00f1os y 6 meses y como m\u00ednimo tengan15 a\u00f1os cotizados, teniendo dos entre los \u00faltimos 15 a\u00f1os.<\/p>\n\n\n\n<h2 class=\"wp-block-heading\">\u00bfC\u00f3mo se calcular\u00e1 la de pensi\u00f3n de jubilaci\u00f3n en 2024?<\/h2>\n\n\n\n<p>Para calcular la base reguladora de aquellas personas que se jubilen en 2024, se tendr\u00e1n en cuenta los \u00faltimos 25 a\u00f1os de cotizaci\u00f3n (300 meses de cotizaci\u00f3n)\u00a0previos a la fecha del hecho causante (normalmente, el d\u00eda de cese en la actividad laboral). Para calcular la base reguladora\u00a0la suma de las cotizaciones de esos 300 meses se dividir\u00e1 entre 350.<\/p>\n\n\n\n<p>Las \u00faltimas 24 bases de cotizaci\u00f3n (correspondientes a los 2 \u00faltimos a\u00f1os,) se computar\u00e1n seg\u00fan su valor nominal, mientras que todas las anteriores se actualizar\u00e1n seg\u00fan la evoluci\u00f3n de \u00cdndice de Precios al Consumo (IPC) durante todo ese per\u00edodo.<\/p>\n\n\n\n<h2 class=\"wp-block-heading\">\u00bfC\u00f3mo se consideran los periodos sin cotizaci\u00f3n para calcular la base reguladora?<\/h2>\n\n\n\n<p>Si existen periodos en los que no se ha cotizado y, por lo tanto, se proceder\u00e1 a la integraci\u00f3n de lagunas, pero solo para los trabajadores por cuenta ajena, las\u00a0primeras 48 mensualidades\u00a0sin cotizaciones se integran en la base reguladora\u00a0con un importe igual al 100% la base de cotizaci\u00f3n m\u00ednima\u00a0vigente en esos meses. Los\u00a0meses restantes\u00a0con lagunas se integran en la base reguladora con un\u00a0importe igual el 50% de la base de cotizaci\u00f3n m\u00ednima.<\/p>\n\n\n\n<p>Mientras que la brecha de genero sea superior al 5% La integraci\u00f3n de lagunas de cotizaci\u00f3n en el caso de mujeres trabajadoras por cuenta ajena, el calculo ser\u00e0 diferente, ya que se aplicar\u00e1 el 100% de la base m\u00ednima tambi\u00e9n entre el mes 49 y el 60 sin cotizaci\u00f3n (es decir, el 100% hasta el quinto a\u00f1o inclusive) y el 80% de la base m\u00ednima entre el mes 61 y el 84 (el sexto y s\u00e9ptimo a\u00f1o).\u00a0 Esta medida se puede aplicar tambi\u00e9n a hombres en situaciones comparables, es decir, hombres que, en relaci\u00f3n con alguno de sus hijos, acrediten mismos los requisitos establecidos para el acceso de los hombres al complemento por brecha de g\u00e9nero.<\/p>\n\n\n\n<h2 class=\"wp-block-heading\">\u00bfQue porcentaje se aplica sobre la base reguladora?<\/h2>\n\n\n\n<p>Para obtener importe de pensi\u00f3n que le corresponder\u00eda a la persona a la edad de jubilaci\u00f3n ordinaria,\u00a0se aplican una serie de coeficientes sobre esa base reguladora en funci\u00f3n de los a\u00f1os cotizados o reconocidos a lo largo de su vida laboral.<\/p>\n\n\n\n<p>Con 15 a\u00f1os cotizados,\u00a0se tendr\u00e1 derecho a un\u00a050% de la base reguladora. Para aquellas personas que accedan a la jubilaci\u00f3n\u00a0en 2024, para tener derecho al 100% de la base reguladora\u00a0ser\u00e1 necesario haber cotizado al menos\u00a036 a\u00f1os y 6 meses\u00a0(tambi\u00e9n aplicable para los que accediesen a la jubilaci\u00f3n en 2023, 2025 y 2026).\u00a0A partir de 2027 ser\u00e1n necesarios 37 a\u00f1os cotizados para acceder al 100% de la base reguladora.<\/p>\n\n\n\n<h2 class=\"wp-block-heading\">\u00bfSe puede incrementar mi pensi\u00f3n?<\/h2>\n\n\n\n<p>En caso de\u00a0acceder a la pensi\u00f3n de jubilaci\u00f3n a una edad posterior a la edad ordinaria, el interesado cobrar\u00e1 un\u00a0porcentaje o cantidad adicional por cada a\u00f1o completo cotizado\u00a0entre la fecha en que cumpli\u00f3 dicha edad ordinaria y la del hecho causante de la pensi\u00f3n.<\/p>\n\n\n\n<p>Esa bonificaci\u00f3n por cada a\u00f1o de retraso,\u00a0podr\u00e1 ser de tres tipos, a elegir por el beneficiario entre:<\/p>\n\n\n\n<ul>\n<li>un porcentaje adicional de pensi\u00f3n del 4%,<\/li>\n\n\n\n<li>una cantidad a tanto alzado,<\/li>\n\n\n\n<li>o una <span style=\"text-decoration: underline;\">opci\u00f3n mixta que consiste combinaci\u00f3n de los anteriores&amp;nbsp;(parte como porcentaje adicional y parte como tanto alzado).<\/span> Esta opci\u00f3n est\u00e1 a disposici\u00f3n de aquellos que retrasen dos a\u00f1os o m\u00e1s la edad de jubilaci\u00f3n.<\/li>\n<\/ul>\n","protected":false},"excerpt":{"rendered":"<p>\u00bfCu\u00e1ndo me podr\u00e9 jubilar? \u00bfC\u00f3mo se calcular\u00e1 la de pensi\u00f3n de jubilaci\u00f3n en 2024? \u00bfC\u00f3mo se consideran los periodos sin cotizaci\u00f3n para calcular la base reguladora?<\/p>\n","protected":false},"author":1,"featured_media":3801,"comment_status":"closed","ping_status":"closed","sticky":false,"template":"","format":"standard","meta":{"_joinchat":[],"footnotes":""},"categories":[1],"tags":[],"_links":{"self":[{"href":"https:\/\/www.sugranyes.com\/es\/wp-json\/wp\/v2\/posts\/3794"}],"collection":[{"href":"https:\/\/www.sugranyes.com\/es\/wp-json\/wp\/v2\/posts"}],"about":[{"href":"https:\/\/www.sugranyes.com\/es\/wp-json\/wp\/v2\/types\/post"}],"author":[{"embeddable":true,"href":"https:\/\/www.sugranyes.com\/es\/wp-json\/wp\/v2\/users\/1"}],"replies":[{"embeddable":true,"href":"https:\/\/www.sugranyes.com\/es\/wp-json\/wp\/v2\/comments?post=3794"}],"version-history":[{"count":4,"href":"https:\/\/www.sugranyes.com\/es\/wp-json\/wp\/v2\/posts\/3794\/revisions"}],"predecessor-version":[{"id":3800,"href":"https:\/\/www.sugranyes.com\/es\/wp-json\/wp\/v2\/posts\/3794\/revisions\/3800"}],"wp:featuredmedia":[{"embeddable":true,"href":"https:\/\/www.sugranyes.com\/es\/wp-json\/wp\/v2\/media\/3801"}],"wp:attachment":[{"href":"https:\/\/www.sugranyes.com\/es\/wp-json\/wp\/v2\/media?parent=3794"}],"wp:term":[{"taxonomy":"category","embeddable":true,"href":"https:\/\/www.sugranyes.com\/es\/wp-json\/wp\/v2\/categories?post=3794"},{"taxonomy":"post_tag","embeddable":true,"href":"https:\/\/www.sugranyes.com\/es\/wp-json\/wp\/v2\/tags?post=3794"}],"curies":[{"name":"wp","href":"https:\/\/api.w.org\/{rel}","templated":true}]}}