{"id":3773,"date":"2024-04-17T18:19:05","date_gmt":"2024-04-17T16:19:05","guid":{"rendered":"https:\/\/www.sugranyes.com\/?p=3773"},"modified":"2024-04-17T18:19:06","modified_gmt":"2024-04-17T16:19:06","slug":"campana-de-la-renta-irpf-2","status":"publish","type":"post","link":"https:\/\/www.sugranyes.com\/es\/2024\/04\/campana-de-la-renta-irpf-2\/","title":{"rendered":"Campa\u00f1a de la renta &#8217;23 (IRPF)"},"content":{"rendered":"<p>Hasta el 1 de julio est\u00e1 abierto el plazo para la presentaci\u00f3n de la declaraci\u00f3n del Impuesto de la Renta de las Personas F\u00edsicas y del Impuesto sobre el Patrimonio del a\u00f1o 2023.<\/p>\n<p>Ponemos a su alcance a nuestros profesionales, tanto de forma presencial, telef\u00f3nica o por email, para la presentaci\u00f3n de las declaraciones.<\/p>\n<p><a href=\"https:\/\/www.sugranyes.com\/es\/servicios\/declaracion-de-la-renta-ejercicio-2023-irpf\/\"><span style=\"text-decoration: underline;\"><strong>+info<\/strong><\/span><\/a><\/p>\n","protected":false},"excerpt":{"rendered":"<p>Hasta el 30 de junio est\u00e1 abierto el plazo para la presentaci\u00f3n de la declaraci\u00f3n del Impuesto de la Renta de las Personas F\u00edsicas y del Impuesto sobre el Patrimonio del a\u00f1o 2022.<\/p>\n","protected":false},"author":1,"featured_media":3776,"comment_status":"open","ping_status":"open","sticky":false,"template":"","format":"standard","meta":{"_joinchat":[],"footnotes":""},"categories":[9],"tags":[],"_links":{"self":[{"href":"https:\/\/www.sugranyes.com\/es\/wp-json\/wp\/v2\/posts\/3773"}],"collection":[{"href":"https:\/\/www.sugranyes.com\/es\/wp-json\/wp\/v2\/posts"}],"about":[{"href":"https:\/\/www.sugranyes.com\/es\/wp-json\/wp\/v2\/types\/post"}],"author":[{"embeddable":true,"href":"https:\/\/www.sugranyes.com\/es\/wp-json\/wp\/v2\/users\/1"}],"replies":[{"embeddable":true,"href":"https:\/\/www.sugranyes.com\/es\/wp-json\/wp\/v2\/comments?post=3773"}],"version-history":[{"count":1,"href":"https:\/\/www.sugranyes.com\/es\/wp-json\/wp\/v2\/posts\/3773\/revisions"}],"predecessor-version":[{"id":3778,"href":"https:\/\/www.sugranyes.com\/es\/wp-json\/wp\/v2\/posts\/3773\/revisions\/3778"}],"wp:featuredmedia":[{"embeddable":true,"href":"https:\/\/www.sugranyes.com\/es\/wp-json\/wp\/v2\/media\/3776"}],"wp:attachment":[{"href":"https:\/\/www.sugranyes.com\/es\/wp-json\/wp\/v2\/media?parent=3773"}],"wp:term":[{"taxonomy":"category","embeddable":true,"href":"https:\/\/www.sugranyes.com\/es\/wp-json\/wp\/v2\/categories?post=3773"},{"taxonomy":"post_tag","embeddable":true,"href":"https:\/\/www.sugranyes.com\/es\/wp-json\/wp\/v2\/tags?post=3773"}],"curies":[{"name":"wp","href":"https:\/\/api.w.org\/{rel}","templated":true}]}}