{"id":361,"date":"2016-12-02T10:01:38","date_gmt":"2016-12-02T09:01:38","guid":{"rendered":"http:\/\/www.sugranyes.com\/2016\/12\/el-reialdecret-llei-3-2016-de-2-de-desembre-un-nou-entrebanc-per-les-empreses\/"},"modified":"2023-10-18T12:21:41","modified_gmt":"2023-10-18T10:21:41","slug":"el-real-decreto-ley-3-2016-de-2-de-diciembre-un-nuevo-obstaculo-para-las-empresas","status":"publish","type":"post","link":"https:\/\/www.sugranyes.com\/es\/2016\/12\/el-real-decreto-ley-3-2016-de-2-de-diciembre-un-nuevo-obstaculo-para-las-empresas\/","title":{"rendered":"El Real Decreto Ley, 3\/2016, de 2 de diciembre: un nuevo obst\u00e1culo para las empresas"},"content":{"rendered":"<p>El reciente aprobado Real Decreto Ley 3\/2016 de 2 de diciembre introduce unas modificaciones en el Impuesto Sobre Sociedades que afectar\u00e1n, de manera retroactiva al c\u00e1lculo del ejerci\u00f3 2016 y medidas que afectar\u00e1n al ejercicio 2017.<\/p>\n<h2>Modificaciones que afectar\u00e1n retroactivamente al ejercicio 2016:<\/h2>\n<p>1.- Los l\u00edmites a la compensaci\u00f3n de bases imponibles negativas de ejercicios anteriores, en concreto para aquellas empresas que facturan m\u00e1s de 20 millones de euros.<\/p>\n<p>2.- Tambi\u00e9n por estas empresas que facturen m\u00e1s de 20 millones de euros, la deducci\u00f3n por doble imposici\u00f3n generados o pendientes de compensar, el 50% de la cuota \u00edntegra, se limita, y especialmente las que provienen de Estados miembro de la Uni\u00f3n Europea y de los Estados con un Convenio de Doble imposici\u00f3n.<\/p>\n<p>3.- Se establece con car\u00e1cter obligatorio la integraci\u00f3n en la base imponible al menos una quinta parte, en cada anualidad, del deterioro del valor de las participaciones en entidades que hayan sido registradas y minorado la base imponible con anterioridad a 2013.<\/p>\n<h2>Medidas que afectar\u00e1n a partir de 2017:<\/h2>\n<p>1.- Queda excluida la deducci\u00f3n de las p\u00e9rdidas que se puedan derivar de la venta o tenencia de participaciones en otras entidades y que les sea aplicable la exenci\u00f3n. La exenci\u00f3n pasa a ser total excluyendo las rentas positivas y negativas.<\/p>\n<p>2.- No se podr\u00e1n deducir las rentas negativas obtenidas en el extranjero mediante un Establecimiento Permanente.<\/p>\n<p>Estas medidas que afectar\u00e1n al ejercicio 2016 constituye un agravio a las empresas afectadas por su retroactividad. Nuestros servicios jur\u00eddicos estiman que esta normativa puede vulnerar el art\u00edculo 86 de la Constituci\u00f3n, las normas de la Uni\u00f3n Europea y los Convenios de Doble Imposici\u00f3n.<\/p>\n<p>Las Sociedades afectadas por este cambio normativo pueden optar por presentar la autoliquidaci\u00f3n sobre Impuesto de Sociedades de 2016 atendiendo al Decreto-Ley y solicitar la rectificaci\u00f3n. Si finalmente el Tribunal Constitucional estima la inconstitucionalidad de la medida, les ser\u00eda devuelto lo que suponga de mayor cuota derivada del nuevo Decreto-Ley, con los intereses que correspondan.<\/p>\n<p>Cons\u00faltenos si cree que su empresa ha sido afectada por esta medida.<\/p>\n","protected":false},"excerpt":{"rendered":"<p>El reciente aprobado Real Decreto Ley 3\/2016 de 2 de diciembre introduce unas modificaciones en el Impuesto Sobre Sociedades que afectar\u00e1n, de manera retroactiva al c\u00e1lculo del ejerci\u00f3 2016 y medidas que afectar\u00e1n al ejercicio 2017. Modificaciones que afectar\u00e1n retroactivamente al ejercicio 2016: 1.- Los&#8230;<\/p>\n","protected":false},"author":1,"featured_media":362,"comment_status":"open","ping_status":"open","sticky":false,"template":"","format":"standard","meta":{"_joinchat":[],"footnotes":""},"categories":[9],"tags":[],"_links":{"self":[{"href":"https:\/\/www.sugranyes.com\/es\/wp-json\/wp\/v2\/posts\/361"}],"collection":[{"href":"https:\/\/www.sugranyes.com\/es\/wp-json\/wp\/v2\/posts"}],"about":[{"href":"https:\/\/www.sugranyes.com\/es\/wp-json\/wp\/v2\/types\/post"}],"author":[{"embeddable":true,"href":"https:\/\/www.sugranyes.com\/es\/wp-json\/wp\/v2\/users\/1"}],"replies":[{"embeddable":true,"href":"https:\/\/www.sugranyes.com\/es\/wp-json\/wp\/v2\/comments?post=361"}],"version-history":[{"count":1,"href":"https:\/\/www.sugranyes.com\/es\/wp-json\/wp\/v2\/posts\/361\/revisions"}],"predecessor-version":[{"id":3655,"href":"https:\/\/www.sugranyes.com\/es\/wp-json\/wp\/v2\/posts\/361\/revisions\/3655"}],"wp:featuredmedia":[{"embeddable":true,"href":"https:\/\/www.sugranyes.com\/es\/wp-json\/wp\/v2\/media\/362"}],"wp:attachment":[{"href":"https:\/\/www.sugranyes.com\/es\/wp-json\/wp\/v2\/media?parent=361"}],"wp:term":[{"taxonomy":"category","embeddable":true,"href":"https:\/\/www.sugranyes.com\/es\/wp-json\/wp\/v2\/categories?post=361"},{"taxonomy":"post_tag","embeddable":true,"href":"https:\/\/www.sugranyes.com\/es\/wp-json\/wp\/v2\/tags?post=361"}],"curies":[{"name":"wp","href":"https:\/\/api.w.org\/{rel}","templated":true}]}}