{"id":3419,"date":"2023-09-24T22:53:22","date_gmt":"2023-09-24T20:53:22","guid":{"rendered":"https:\/\/www.sugranyes.com\/?p=3419"},"modified":"2023-10-18T12:20:58","modified_gmt":"2023-10-18T10:20:58","slug":"nueva-deduccion-temporal-por-la-compra-de-vehiculos-electricos-enchufables","status":"publish","type":"post","link":"https:\/\/www.sugranyes.com\/es\/2023\/09\/nueva-deduccion-temporal-por-la-compra-de-vehiculos-electricos-enchufables\/","title":{"rendered":"Nueva deducci\u00f3n temporal por la compra de veh\u00edculos el\u00e9ctricos \u201cenchufables\u201d"},"content":{"rendered":"\n<h2 class=\"wp-block-heading\">Derecho a la deducci\u00f3n<\/h2>\n\n\n\n<p>Puede aplicarse la deducci\u00f3n por la compra de un veh\u00edculo el\u00e9ctrico nuevo, siempre y cuando est\u00e9 destinado al uso particular.<\/p>\n\n\n\n<h2 class=\"wp-block-heading\">\u00bfCu\u00e1l es el porcentaje de deducci\u00f3n y en qu\u00e9 per\u00edodo impositivo se aplica?<\/h2>\n\n\n\n<p>Hay dos alternativas:<\/p>\n\n\n\n<ul>\n<li>Si compras el veh\u00edculo a partir del 30\/06\/2023 y hasta el 31\/12\/2024, podr\u00e1s deducirte el 15% del valor de adquisici\u00f3n. En este caso, deber\u00e1s aplicar la deducci\u00f3n en el a\u00f1o en que matricules el veh\u00edculo.<\/li>\n\n\n\n<li>Si haces entregas de cantidades a cuenta de la futura compra del veh\u00edculo que supongan, al menos, el 25% del valor de adquisici\u00f3n, a partir del 30\/06\/2023 y hasta el 31\/12\/2024, podr\u00e1s aplicar la deducci\u00f3n por 15% del valor de compra. El abono de la cantidad restante y la compra del veh\u00edculo deber\u00e1 realizarse antes de que finalice el segundo per\u00edodo impositivo inmediato posterior a aqu\u00e9l en el que se hizo el pago de la cantidad. Vemos un ejemplo:\n<ul>\n<li>Si vas haciendo pagos a 2023 (desde el 30\/6\/2023) que supongan al menos el 25% del precio de adquisici\u00f3n del veh\u00edculo, tendr\u00e1s hasta el 31\/12\/2025 para realizar el pago de la cantidad restante y comprarlo.<\/li>\n\n\n\n<li>Si en 2024 vas haciendo pagos que supongan al menos el 25% del precio de adquisici\u00f3n de veh\u00edculo, tendr\u00e1s hasta el 31\/12\/2026 para realizar el pago de la cantidad lavando y comprarlo.<\/li>\n\n\n\n<li>Si haces pagos a 2023 (desde el 30\/06\/2023) y tambi\u00e9n lo haces a 2024 para llegar al 25% del precio de adquisici\u00f3n, tendr\u00e1s hasta el 31\/12\/2026 para hacer el pago de la parte restante y comprarlo.<\/li>\n<\/ul>\n<\/li>\n<\/ul>\n\n\n\n<p>En este caso practicar\u00e1s la deducci\u00f3n en el per\u00edodo impositivo en el que la cantidad a cuenta por la futura compra llegue al 25% del precio de adquisici\u00f3n.<\/p>\n\n\n\n<h2 class=\"wp-block-heading\"><strong>\u00bfCu\u00e1l es la base m\u00e1xima de deducci\u00f3n?<\/strong><\/h2>\n\n\n\n<p>La base de la deducci\u00f3n es el valor de compra del veh\u00edculo, incluidos los gastos y tributos inherentes a la compra, y no formar\u00e1n parte las cantidades subvencionadas ni las que vayan a serlo v\u00eda alg\u00fan programa de ayuda p\u00fablica.<\/p>\n\n\n\n<p>En cualquier caso, la base de deducci\u00f3n no podr\u00e1 exceder de 20.000 euros.<\/p>\n\n\n\n<h2 class=\"wp-block-heading\">\u00bfQu\u00e9 requisitos debe cumplir el veh\u00edculo?<\/h2>\n\n\n\n<ul>\n<li>No podr\u00e1 estar cari\u00f1o a una actividad econ\u00f3mica<\/li>\n\n\n\n<li>Deber\u00e1 ser matriculado por primera vez y antes del 31\/12\/2024 en el caso de comprarlo, o antes de que termine el segundo per\u00edodo impositivo inmediato posterior a aquel en el que se produjo el pago de la cantidad a cuenta<\/li>\n\n\n\n<li>El precio de venta del veh\u00edculo adquirido no podr\u00e1 superar el importe m\u00e1ximo establecido, en su caso, para cada tipo de veh\u00edculo seg\u00fan el Anexo III del RD 266\/2021.<\/li>\n<\/ul>\n\n\n\n<p>Los veh\u00edculos tendr\u00e1n que pertenecer a unas determinadas categor\u00edas, figurar en la Base de Veh\u00edculos del IDAE (<a href=\"http:\/\/coches.idae.es\/base-datos\/vehiculos-elegibles-programa-MOVES\">http:\/ \/coches.idae.es\/base-datos\/vehiculos-elegibles-programa-MOVES<\/a>) y cumplir una serie de requisitos.<\/p>\n","protected":false},"excerpt":{"rendered":"<p>Nueva deducci\u00f3n temporal por la compra de veh\u00edculos el\u00e9ctricos \u201cenchufables\u201d<\/p>\n","protected":false},"author":1,"featured_media":3417,"comment_status":"open","ping_status":"open","sticky":false,"template":"","format":"standard","meta":{"_joinchat":[],"footnotes":""},"categories":[9],"tags":[],"_links":{"self":[{"href":"https:\/\/www.sugranyes.com\/es\/wp-json\/wp\/v2\/posts\/3419"}],"collection":[{"href":"https:\/\/www.sugranyes.com\/es\/wp-json\/wp\/v2\/posts"}],"about":[{"href":"https:\/\/www.sugranyes.com\/es\/wp-json\/wp\/v2\/types\/post"}],"author":[{"embeddable":true,"href":"https:\/\/www.sugranyes.com\/es\/wp-json\/wp\/v2\/users\/1"}],"replies":[{"embeddable":true,"href":"https:\/\/www.sugranyes.com\/es\/wp-json\/wp\/v2\/comments?post=3419"}],"version-history":[{"count":1,"href":"https:\/\/www.sugranyes.com\/es\/wp-json\/wp\/v2\/posts\/3419\/revisions"}],"predecessor-version":[{"id":3420,"href":"https:\/\/www.sugranyes.com\/es\/wp-json\/wp\/v2\/posts\/3419\/revisions\/3420"}],"wp:featuredmedia":[{"embeddable":true,"href":"https:\/\/www.sugranyes.com\/es\/wp-json\/wp\/v2\/media\/3417"}],"wp:attachment":[{"href":"https:\/\/www.sugranyes.com\/es\/wp-json\/wp\/v2\/media?parent=3419"}],"wp:term":[{"taxonomy":"category","embeddable":true,"href":"https:\/\/www.sugranyes.com\/es\/wp-json\/wp\/v2\/categories?post=3419"},{"taxonomy":"post_tag","embeddable":true,"href":"https:\/\/www.sugranyes.com\/es\/wp-json\/wp\/v2\/tags?post=3419"}],"curies":[{"name":"wp","href":"https:\/\/api.w.org\/{rel}","templated":true}]}}