{"id":3399,"date":"2023-09-13T18:03:23","date_gmt":"2023-09-13T16:03:23","guid":{"rendered":"https:\/\/www.sugranyes.com\/2023\/09\/los-autonomos-que-trabajan-desde-casa-ya-pueden-deducirse-el-iva-de-los-suministros\/"},"modified":"2023-10-18T12:20:59","modified_gmt":"2023-10-18T10:20:59","slug":"los-autonomos-que-trabajan-desde-casa-ya-pueden-deducirse-el-iva-de-los-suministros","status":"publish","type":"post","link":"https:\/\/www.sugranyes.com\/es\/2023\/09\/los-autonomos-que-trabajan-desde-casa-ya-pueden-deducirse-el-iva-de-los-suministros\/","title":{"rendered":"Los aut\u00f3nomos que trabajan desde casa ya pueden deducirse el iva de los suministros"},"content":{"rendered":"\n<p>Se unifican criterios y el TEAC (Tribunal Econ\u00f3mico-Administrativo Central) ha emitido resoluci\u00f3n acordando que <strong>los aut\u00f3nomos pueden deducir el IVA de los suministros, como luz, agua o gas, de un inmueble parcialmente afecto a la actividad, en la proporci\u00f3n a su uso<\/strong>.<\/p>\n\n\n\n<p>La inspecci\u00f3n de la Agencia Tributaria entend\u00eda no deducible el IVA correspondiente a los gastos de los suministros de un aut\u00f3nomo que llevaba a cabo la actividad empresarial en su vivienda habitual y la que constaba como domicilio fiscal, en tanto en cuanto no consideraba que el inmueble estuviera afectado directa y de forma exclusiva a la actividad econ\u00f3mica y lo entend\u00eda como residencia del aut\u00f3nomo. La Ley del IVA s\u00f3lo admite la deducci\u00f3n de las cuotas soportadas por servicios afectos de forma exclusiva a la actividad econ\u00f3mica y la afectaci\u00f3n parcial era interpretada como no deducible.<\/p>\n\n\n\n<p>Con esta nueva interpretaci\u00f3n y aplicando el nuevo criterio,<strong> s\u00ed es posible deducir, en la parte proporcional, el IVA de estos gastos<\/strong>. Se entienden que los suministros de agua, luz y gas relacionados con los bienes de inversi\u00f3n, en proporci\u00f3n al grado de utilizaci\u00f3n en la actividad empresarial, est\u00e1n incluidos en el listado de bienes o servicios del inmueble que afectan directamente a la actividad profesional, y en consecuencia, el apartado cuarto del art\u00edculo 95 de la Ley del IVA debe ser interpretado de forma amplia, de tal modo que los bienes y servicios en \u00e9l consignados ni hacen referencia a una lista cerrada ni hacen referencia \u00fanicamente a los bienes de inversi\u00f3n de la regla segunda del apartado tercero, ampli\u00e1ndose tambi\u00e9n a los bienes inmuebles.<\/p>\n\n\n\n<p>Para m\u00e1s informaci\u00f3n y tratamiento espec\u00edfico de su caso, puede ponerse en contacto con los profesionales del departamento fiscal de nuestro despacho.<\/p>\n","protected":false},"excerpt":{"rendered":"<p>Aplicando el nuevo criterio s\u00ed es posible deducir, en la parte proporcional, el IVA de los gastos de los suministros, como luz, agua o gas, de un inmueble parcialmente afecto a la actividad, en la proporci\u00f3n a su uso.<\/p>\n","protected":false},"author":1,"featured_media":3397,"comment_status":"open","ping_status":"open","sticky":false,"template":"","format":"standard","meta":{"_joinchat":[],"footnotes":""},"categories":[9],"tags":[],"_links":{"self":[{"href":"https:\/\/www.sugranyes.com\/es\/wp-json\/wp\/v2\/posts\/3399"}],"collection":[{"href":"https:\/\/www.sugranyes.com\/es\/wp-json\/wp\/v2\/posts"}],"about":[{"href":"https:\/\/www.sugranyes.com\/es\/wp-json\/wp\/v2\/types\/post"}],"author":[{"embeddable":true,"href":"https:\/\/www.sugranyes.com\/es\/wp-json\/wp\/v2\/users\/1"}],"replies":[{"embeddable":true,"href":"https:\/\/www.sugranyes.com\/es\/wp-json\/wp\/v2\/comments?post=3399"}],"version-history":[{"count":2,"href":"https:\/\/www.sugranyes.com\/es\/wp-json\/wp\/v2\/posts\/3399\/revisions"}],"predecessor-version":[{"id":3401,"href":"https:\/\/www.sugranyes.com\/es\/wp-json\/wp\/v2\/posts\/3399\/revisions\/3401"}],"wp:featuredmedia":[{"embeddable":true,"href":"https:\/\/www.sugranyes.com\/es\/wp-json\/wp\/v2\/media\/3397"}],"wp:attachment":[{"href":"https:\/\/www.sugranyes.com\/es\/wp-json\/wp\/v2\/media?parent=3399"}],"wp:term":[{"taxonomy":"category","embeddable":true,"href":"https:\/\/www.sugranyes.com\/es\/wp-json\/wp\/v2\/categories?post=3399"},{"taxonomy":"post_tag","embeddable":true,"href":"https:\/\/www.sugranyes.com\/es\/wp-json\/wp\/v2\/tags?post=3399"}],"curies":[{"name":"wp","href":"https:\/\/api.w.org\/{rel}","templated":true}]}}