{"id":3283,"date":"2023-07-20T22:56:17","date_gmt":"2023-07-20T20:56:17","guid":{"rendered":"https:\/\/www.sugranyes.com\/?p=3283"},"modified":"2023-10-18T12:20:59","modified_gmt":"2023-10-18T10:20:59","slug":"ayuda-por-jovenes-autonomos","status":"publish","type":"post","link":"https:\/\/www.sugranyes.com\/es\/2023\/07\/ayuda-por-jovenes-autonomos\/","title":{"rendered":"Ayuda por j\u00f3venes aut\u00f3nomos"},"content":{"rendered":"<p>Antes de pedirla es necesario darse de alta en el programa de Garant\u00eda Juvenil (DNI electr\u00f3nico, certificado digital o Clave) y despu\u00e9s darse de alta como aut\u00f3nomo.<\/p>\n<p><strong>\u00bfHasta cu\u00e1ndo se puede pedir?<\/strong><\/p>\n<p>Del 18 de julio al 20 de septiembre a las 3 de la tarde. \u00danicamente de forma virtual a trav\u00e9s de Canal Empresa o de la web de tr\u00e1mites de la Generalitat.<\/p>\n<p><strong>\u00bfQui\u00e9n puede solicitarla?<\/strong><\/p>\n<p>J\u00f3venes de entre 18 y 29 a\u00f1os que empiecen como aut\u00f3nomos y que no hayan recibido la ayuda anteriormente.<\/p>\n<p><strong>\u00bfCu\u00e1les son las condiciones?<\/strong><\/p>\n<ol>\n<li>Una vez solicitada la ayuda, debe mantenerse y acreditarse la continuidad de la actividad econ\u00f3mica de 18 meses de forma interrumpida. Si no es as\u00ed, deber\u00e1 devolverse una parte si se supera el primer a\u00f1o o en su totalidad si se detiene antes de los 12 meses.<\/li>\n<li>Durante este tiempo no se puede ser asalariado ni tener ning\u00fan tipo de contrato.<\/li>\n<li>Es obligatorio mantener el domicilio fiscal en Catalu\u00f1a y haber realizado alguna actividad formativa vinculado al negocio.<\/li>\n<\/ol>\n<p><strong>\u00bfCu\u00e1nto dinero es?<\/strong><\/p>\n<p>Subvenci\u00f3n de 15120\u20ac por cada aut\u00f3nomo que se le concede. (18 meses)<\/p>\n<p>Dinero reudo seg\u00fan los meses de continuidad de la actividad econ\u00f3mica:<\/p>\n<ul>\n<li>12 meses: 10130\u20ac<\/li>\n<li>13 meses: 11340\u20ac<\/li>\n<li>14 meses: 12096\u20ac<\/li>\n<li>15 meses: 12852\u20ac<\/li>\n<li>16 meses: 13608\u20ac<\/li>\n<li>17 meses: 14361\u20ac<\/li>\n<li>18 meses: 15120\u20ac<\/li>\n<\/ul>\n<p><strong>\u00bfC\u00f3mo saber si mi pueblo est\u00e1 en la lista?<\/strong><\/p>\n<p>Todos los j\u00f3venes con domicilio fiscal en Catalunya pueden presentarse, pero se ha reservado medio mill\u00f3n de euros para quienes vivan en un pueblo de menos de 500 habitantes para frenar el despoblamiento de las zonas rurales.<\/p>\n","protected":false},"excerpt":{"rendered":"<p>Los j\u00f3venes de entre 18 y 29 a\u00f1os que empiecen como aut\u00f3nomos y que no hayan recibido la ayuda anteriormente pueden solicitar una nueva ayuda para j\u00f3venes aut\u00f3nomos de hasta 15120\u20ac<\/p>\n","protected":false},"author":1,"featured_media":3279,"comment_status":"open","ping_status":"open","sticky":false,"template":"","format":"standard","meta":{"_joinchat":[],"footnotes":""},"categories":[9],"tags":[],"_links":{"self":[{"href":"https:\/\/www.sugranyes.com\/es\/wp-json\/wp\/v2\/posts\/3283"}],"collection":[{"href":"https:\/\/www.sugranyes.com\/es\/wp-json\/wp\/v2\/posts"}],"about":[{"href":"https:\/\/www.sugranyes.com\/es\/wp-json\/wp\/v2\/types\/post"}],"author":[{"embeddable":true,"href":"https:\/\/www.sugranyes.com\/es\/wp-json\/wp\/v2\/users\/1"}],"replies":[{"embeddable":true,"href":"https:\/\/www.sugranyes.com\/es\/wp-json\/wp\/v2\/comments?post=3283"}],"version-history":[{"count":1,"href":"https:\/\/www.sugranyes.com\/es\/wp-json\/wp\/v2\/posts\/3283\/revisions"}],"predecessor-version":[{"id":3423,"href":"https:\/\/www.sugranyes.com\/es\/wp-json\/wp\/v2\/posts\/3283\/revisions\/3423"}],"wp:featuredmedia":[{"embeddable":true,"href":"https:\/\/www.sugranyes.com\/es\/wp-json\/wp\/v2\/media\/3279"}],"wp:attachment":[{"href":"https:\/\/www.sugranyes.com\/es\/wp-json\/wp\/v2\/media?parent=3283"}],"wp:term":[{"taxonomy":"category","embeddable":true,"href":"https:\/\/www.sugranyes.com\/es\/wp-json\/wp\/v2\/categories?post=3283"},{"taxonomy":"post_tag","embeddable":true,"href":"https:\/\/www.sugranyes.com\/es\/wp-json\/wp\/v2\/tags?post=3283"}],"curies":[{"name":"wp","href":"https:\/\/api.w.org\/{rel}","templated":true}]}}