{"id":2963,"date":"2023-01-19T22:25:30","date_gmt":"2023-01-19T21:25:30","guid":{"rendered":"https:\/\/www.sugranyes.com\/2023\/01\/contracte-de-serveis-dassessorament-i-gestio-administrativa-laboral-de-lajuntament-de-constanti\/"},"modified":"2023-10-18T12:21:03","modified_gmt":"2023-10-18T10:21:03","slug":"contracte-de-serveis-dassessorament-i-gestio-administrativa-laboral-de-lajuntament-de-constanti","status":"publish","type":"post","link":"https:\/\/www.sugranyes.com\/es\/2023\/01\/contracte-de-serveis-dassessorament-i-gestio-administrativa-laboral-de-lajuntament-de-constanti\/","title":{"rendered":"Contrato de servicios de asesoramiento y gesti\u00f3n administrativa laboral del Ayuntamiento de Constant\u00ed"},"content":{"rendered":"<div class=\"wpb-content-wrapper\"><p>[vc_row css_animation=\u00bb\u00bb row_type=\u00bbrow\u00bb use_row_as_full_screen_section=\u00bbno\u00bb type=\u00bbfull_width\u00bb angled_section=\u00bbno\u00bb text_align=\u00bbleft\u00bb background_image_as_pattern=\u00bbwithout_pattern\u00bb][vc_column][vc_column_text]Sugranyes Assessors i Gestors, gana la adjudicaci\u00f3n del contrato de servicios de asesoramiento y gesti\u00f3n administrativa laboral del Ayuntamiento de Constant\u00ed.[\/vc_column_text][vc_empty_space]<a  itemprop=\"url\" href=\"https:\/\/www.sugranyes.com\/wp-content\/uploads\/2023\/01\/adjudicacio\u0301-constanti\u0301.pdf\" target=\"_blank\"  class=\"qbutton  default\" style=\"\">Ver el decreto de adjudicaci\u00f3n<\/a>[\/vc_column][\/vc_row]<\/p>\n<\/div>","protected":false},"excerpt":{"rendered":"<p>Sugranyes Assessors i Gestors, gana la adjudicaci\u00f3n del contrato de servicios de asesoramiento y gesti\u00f3n administrativa laboral del Ayuntamiento de Constant\u00ed.<\/p>\n","protected":false},"author":1,"featured_media":358,"comment_status":"open","ping_status":"open","sticky":false,"template":"","format":"standard","meta":{"_joinchat":[],"footnotes":""},"categories":[9],"tags":[],"_links":{"self":[{"href":"https:\/\/www.sugranyes.com\/es\/wp-json\/wp\/v2\/posts\/2963"}],"collection":[{"href":"https:\/\/www.sugranyes.com\/es\/wp-json\/wp\/v2\/posts"}],"about":[{"href":"https:\/\/www.sugranyes.com\/es\/wp-json\/wp\/v2\/types\/post"}],"author":[{"embeddable":true,"href":"https:\/\/www.sugranyes.com\/es\/wp-json\/wp\/v2\/users\/1"}],"replies":[{"embeddable":true,"href":"https:\/\/www.sugranyes.com\/es\/wp-json\/wp\/v2\/comments?post=2963"}],"version-history":[{"count":1,"href":"https:\/\/www.sugranyes.com\/es\/wp-json\/wp\/v2\/posts\/2963\/revisions"}],"predecessor-version":[{"id":3437,"href":"https:\/\/www.sugranyes.com\/es\/wp-json\/wp\/v2\/posts\/2963\/revisions\/3437"}],"wp:featuredmedia":[{"embeddable":true,"href":"https:\/\/www.sugranyes.com\/es\/wp-json\/wp\/v2\/media\/358"}],"wp:attachment":[{"href":"https:\/\/www.sugranyes.com\/es\/wp-json\/wp\/v2\/media?parent=2963"}],"wp:term":[{"taxonomy":"category","embeddable":true,"href":"https:\/\/www.sugranyes.com\/es\/wp-json\/wp\/v2\/categories?post=2963"},{"taxonomy":"post_tag","embeddable":true,"href":"https:\/\/www.sugranyes.com\/es\/wp-json\/wp\/v2\/tags?post=2963"}],"curies":[{"name":"wp","href":"https:\/\/api.w.org\/{rel}","templated":true}]}}