{"id":2899,"date":"2022-10-07T23:24:13","date_gmt":"2022-10-07T21:24:13","guid":{"rendered":"https:\/\/www.sugranyes.com\/?p=2899"},"modified":"2023-10-18T12:21:04","modified_gmt":"2023-10-18T10:21:04","slug":"padron-definitivo-del-impuesto-sobre-las-emisiones-de-dioxido-de-carbono-co2","status":"publish","type":"post","link":"https:\/\/www.sugranyes.com\/es\/2022\/10\/padron-definitivo-del-impuesto-sobre-las-emisiones-de-dioxido-de-carbono-co2\/","title":{"rendered":"Padr\u00f3n definitivo del impuesto sobre las emisiones de di\u00f3xido de carbono (CO2)"},"content":{"rendered":"<p>La Agencia Tributaria de Catalu\u00f1a (ATC) ha publicado en la sede electr\u00f3nica el\u00a0\u00a0<strong><a href=\"https:\/\/translate.google.com\/website?sl=ca&amp;tl=es&amp;hl=es&amp;client=webapp&amp;u=https:\/\/atc.gencat.cat\/ca\/tributs\/impost-emissions-vehicles\/acces-padro\/\" target=\"_blank\" rel=\"noopener\">padr\u00f3n definitivo correspondiente al ejercicio 2021 del impuesto sobre las emisiones de CO2<\/a><\/strong>\u00a0de los veh\u00edculos de tracci\u00f3n mec\u00e1nica.<\/p>\n<p>Para consultarlo, acceda con su NIF y la matr\u00edcula o con la identificaci\u00f3n digital, utilizando el idCAT M\u00f3vil u otro certificado digital, y podr\u00e1 ver todos los veh\u00edculos de los que es titular.<\/p>\n<h2>Fechas y pago<\/h2>\n<p><span>Si tienen el\u00a0<\/span><strong><span>pago domiciliado de los veh\u00edculos<\/span><\/strong><span>\u00a0, recibir\u00e1n un cargo en cuenta del 07\/11\/22 al 21\/11\/22.<\/span><\/p>\n<p><span>Los\u00a0\u00a0<\/span><strong><span>veh\u00edculos que no lo tengan domiciliado<\/span><\/strong><span>\u00a0:<\/span><br \/>\n<span>1.\u00a0<\/span><strong><span>Si ya tributaron el a\u00f1o anterior<\/span><\/strong><span>\u00a0, pueden realizar el pago hasta el d\u00eda 21\/11\/22.<\/span><br \/>\n<span>(Por los veh\u00edculos que ya constaban en el padr\u00f3n el a\u00f1o pasado, el titular recibir\u00e1 una carta informativa, junto con una carta de pago con el importe a ingresar.)<\/span><br \/>\n<span>2.\u00a0<\/span><strong><span>Los veh\u00edculos de nueva tributaci\u00f3n<\/span><\/strong><span>\u00a0\u00a0deben pagar seg\u00fan la fecha que se indique a la notificaci\u00f3n que recibir\u00e1n en su domicilio.<\/span><\/p>\n<p><span>Si el pago no est\u00e1 domiciliado, puede pagarlo:<\/span><\/p>\n<ul>\n<li><span>A trav\u00e9s de la\u00a0\u00a0<\/span><a href=\"https:\/\/translate.google.com\/website?sl=ca&amp;tl=es&amp;hl=es&amp;client=webapp&amp;u=https:\/\/atc.gencat.cat\/ca\/tributs\/impost-emissions-vehicles\/\" target=\"_blank\" rel=\"noopener\"><span>sede electr\u00f3nica del ATC<\/span><\/a><\/li>\n<li><span>En el tel\u00e9fono 012 (pago automatizado con locuci\u00f3n)<\/span><\/li>\n<li><span>En el tel\u00e9fono del ATC le llama (93 551 51 51)<\/span><\/li>\n<li><span>En las\u00a0\u00a0<\/span><a href=\"https:\/\/translate.google.com\/website?sl=ca&amp;tl=es&amp;hl=es&amp;client=webapp&amp;u=https:\/\/atc.gencat.cat\/ca\/gestions\/tramitacio-tributs\/entitats-col\/\" target=\"_blank\" rel=\"noopener\"><span>entidades financieras colaboradoras<\/span><\/a><\/li>\n<li><span>En las oficinas de Correos<\/span><\/li>\n<li><span>En las\u00a0\u00a0<\/span><a href=\"https:\/\/translate.google.com\/website?sl=ca&amp;tl=es&amp;hl=es&amp;client=webapp&amp;u=https:\/\/atc.gencat.cat\/ca\/gestions\/tramitacio-tributs\/entitats-col\/\" target=\"_blank\" rel=\"noopener\"><span>oficinas y delegaciones del ATC, con cita previa<\/span><\/a><span>\u00a0.<\/span><\/li>\n<\/ul>\n<p><span><span class=\"goog-text-highlight\">+Info en el\u00a0<\/span><\/span><a href=\"https:\/\/translate.google.com\/website?sl=ca&amp;tl=es&amp;hl=es&amp;client=webapp&amp;u=https:\/\/atc.gencat.cat\/ca\/tributs\/impost-emissions-vehicles\/acces-padro\/\" target=\"_blank\" rel=\"noopener\"><span><span class=\"goog-text-highlight\">apartado sobre el impuesto<\/span><\/span><\/a><span><span class=\"goog-text-highlight\">\u00a0\u00a0de la sede electr\u00f3nica del ATC, a\u00a0\u00a0<\/span><\/span><a href=\"https:\/\/translate.google.com\/website?sl=ca&amp;tl=es&amp;hl=es&amp;client=webapp&amp;u=https:\/\/atc.gencat.cat\/ca\/tributs\/impost-emissions-vehicles\/pmf-emissions-vehicles\/\" target=\"_blank\" rel=\"noopener\"><span><span class=\"goog-text-highlight\">preguntas frecuentes<\/span><\/span><\/a><span><span class=\"goog-text-highlight\">\u00a0\u00a0ya\u00a0<\/span><\/span><a href=\"https:\/\/translate.google.com\/website?sl=ca&amp;tl=es&amp;hl=es&amp;client=webapp&amp;u=https:\/\/economia.gencat.cat\/ca\/ambits-actuacio\/tributs\/impostco2\" target=\"_blank\" rel=\"noopener\"><span><span class=\"goog-text-highlight\">impostco2.gencat.cat.<\/span><\/span><\/a><\/p>\n","protected":false},"excerpt":{"rendered":"<p>La Agencia Tributaria de Catalu\u00f1a (ATC) ha publicado en la sede electr\u00f3nica el padr\u00f3n definitivo correspondiente al ejercicio 2021 del impuesto sobre las emisiones de CO2 de los veh\u00edculos de tracci\u00f3n mec\u00e1nica.<\/p>\n","protected":false},"author":1,"featured_media":2898,"comment_status":"open","ping_status":"open","sticky":false,"template":"","format":"standard","meta":{"_joinchat":[],"footnotes":""},"categories":[9],"tags":[],"_links":{"self":[{"href":"https:\/\/www.sugranyes.com\/es\/wp-json\/wp\/v2\/posts\/2899"}],"collection":[{"href":"https:\/\/www.sugranyes.com\/es\/wp-json\/wp\/v2\/posts"}],"about":[{"href":"https:\/\/www.sugranyes.com\/es\/wp-json\/wp\/v2\/types\/post"}],"author":[{"embeddable":true,"href":"https:\/\/www.sugranyes.com\/es\/wp-json\/wp\/v2\/users\/1"}],"replies":[{"embeddable":true,"href":"https:\/\/www.sugranyes.com\/es\/wp-json\/wp\/v2\/comments?post=2899"}],"version-history":[{"count":1,"href":"https:\/\/www.sugranyes.com\/es\/wp-json\/wp\/v2\/posts\/2899\/revisions"}],"predecessor-version":[{"id":3443,"href":"https:\/\/www.sugranyes.com\/es\/wp-json\/wp\/v2\/posts\/2899\/revisions\/3443"}],"wp:featuredmedia":[{"embeddable":true,"href":"https:\/\/www.sugranyes.com\/es\/wp-json\/wp\/v2\/media\/2898"}],"wp:attachment":[{"href":"https:\/\/www.sugranyes.com\/es\/wp-json\/wp\/v2\/media?parent=2899"}],"wp:term":[{"taxonomy":"category","embeddable":true,"href":"https:\/\/www.sugranyes.com\/es\/wp-json\/wp\/v2\/categories?post=2899"},{"taxonomy":"post_tag","embeddable":true,"href":"https:\/\/www.sugranyes.com\/es\/wp-json\/wp\/v2\/tags?post=2899"}],"curies":[{"name":"wp","href":"https:\/\/api.w.org\/{rel}","templated":true}]}}