{"id":2828,"date":"2022-07-06T10:51:45","date_gmt":"2022-07-06T08:51:45","guid":{"rendered":"https:\/\/www.sugranyes.com\/?p=2828"},"modified":"2023-10-18T12:21:06","modified_gmt":"2023-10-18T10:21:06","slug":"ayudas-a-las-empresas-para-la-contratacion-de-personas-vulnerables-hasta-septiembre-de-2022","status":"publish","type":"post","link":"https:\/\/www.sugranyes.com\/es\/2022\/07\/ayudas-a-las-empresas-para-la-contratacion-de-personas-vulnerables-hasta-septiembre-de-2022\/","title":{"rendered":"Ayudas a las empresas para la contrataci\u00f3n de personas vulnerables hasta septiembre de 2022"},"content":{"rendered":"<p>Mediante la resoluci\u00f3n EMT\/1647\/2022, de 18 de mayo, se ha aprobado una nueva l\u00ednea de ayudas a la contrataci\u00f3n en el mercado ordinario de trabajo de personas con discapacidad, de personas en situaci\u00f3n o en riesgo de exclusi\u00f3n procedentes de empresas de inserci\u00f3n, o de personas beneficiarias de la renta garantizada de ciudadan\u00eda.<\/p>\n<p>Las personas destinatarias de esta ayuda son personas con discapacidad igual o superior al 33%, personas en situaci\u00f3n o en riesgo de exclusi\u00f3n social previamente contratadas por empresas de inserci\u00f3n, y personas beneficiarias de la renta garantizada de ciudadan\u00eda.<\/p>\n<p>Se podr\u00e1n beneficiar las empresas del mercado ordinario excepto las empresas de trabajo temporal. El importe de la subvenci\u00f3n es de 7.000\u20ac por un contrato de trabajo de 12 meses de duraci\u00f3n a jornada completa. Cuando el contrato sea entre 6 y 12 meses, la cuant\u00eda de la subvenci\u00f3n debe ajustarse proporcionalmente a la duraci\u00f3n del contrato, se subvencionar\u00e1n un m\u00e1ximo de 12 meses.<\/p>\n<p>El plazo de la presentaci\u00f3n de las solicitudes es del d\u00eda 2 de junio al 30 de septiembre de 2022.<\/p>\n","protected":false},"excerpt":{"rendered":"<p>Se ha aprobado una nueva l\u00ednea de ayudas a la contrataci\u00f3n en el mercado ordinario de trabajo de personas con discapacidad, de personas en situaci\u00f3n o en riesgo de exclusi\u00f3n procedentes de empresas de inserci\u00f3n, o de personas beneficiarias de la renta garantizada de ciudadan\u00eda.<\/p>\n","protected":false},"author":1,"featured_media":2826,"comment_status":"open","ping_status":"open","sticky":false,"template":"","format":"standard","meta":{"_joinchat":[],"footnotes":""},"categories":[9],"tags":[],"_links":{"self":[{"href":"https:\/\/www.sugranyes.com\/es\/wp-json\/wp\/v2\/posts\/2828"}],"collection":[{"href":"https:\/\/www.sugranyes.com\/es\/wp-json\/wp\/v2\/posts"}],"about":[{"href":"https:\/\/www.sugranyes.com\/es\/wp-json\/wp\/v2\/types\/post"}],"author":[{"embeddable":true,"href":"https:\/\/www.sugranyes.com\/es\/wp-json\/wp\/v2\/users\/1"}],"replies":[{"embeddable":true,"href":"https:\/\/www.sugranyes.com\/es\/wp-json\/wp\/v2\/comments?post=2828"}],"version-history":[{"count":1,"href":"https:\/\/www.sugranyes.com\/es\/wp-json\/wp\/v2\/posts\/2828\/revisions"}],"predecessor-version":[{"id":3453,"href":"https:\/\/www.sugranyes.com\/es\/wp-json\/wp\/v2\/posts\/2828\/revisions\/3453"}],"wp:featuredmedia":[{"embeddable":true,"href":"https:\/\/www.sugranyes.com\/es\/wp-json\/wp\/v2\/media\/2826"}],"wp:attachment":[{"href":"https:\/\/www.sugranyes.com\/es\/wp-json\/wp\/v2\/media?parent=2828"}],"wp:term":[{"taxonomy":"category","embeddable":true,"href":"https:\/\/www.sugranyes.com\/es\/wp-json\/wp\/v2\/categories?post=2828"},{"taxonomy":"post_tag","embeddable":true,"href":"https:\/\/www.sugranyes.com\/es\/wp-json\/wp\/v2\/tags?post=2828"}],"curies":[{"name":"wp","href":"https:\/\/api.w.org\/{rel}","templated":true}]}}