{"id":2764,"date":"2022-05-04T14:44:07","date_gmt":"2022-05-04T12:44:07","guid":{"rendered":"https:\/\/www.sugranyes.com\/?p=2764"},"modified":"2023-10-18T12:21:06","modified_gmt":"2023-10-18T10:21:06","slug":"ya-se-puede-consultar-el-censo-del-impuesto-sobre-las-emisiones-de-co2-de-los-vehiculos","status":"publish","type":"post","link":"https:\/\/www.sugranyes.com\/es\/2022\/05\/ya-se-puede-consultar-el-censo-del-impuesto-sobre-las-emisiones-de-co2-de-los-vehiculos\/","title":{"rendered":"Ya se puede consultar el censo del impuesto sobre las emisiones de CO2 de los veh\u00edculos"},"content":{"rendered":"<p>La Agencia Tributaria de Catalu\u00f1a ya ha publicado el padr\u00f3n de los contribuyentes que este 2022 deben pagar el impuesto sobre las emisiones de di\u00f3xido de carbono de los veh\u00edculos de tracci\u00f3n mec\u00e1nica.<\/p>\n<p>Ya se pueden consultar, por tanto, en la sede electr\u00f3nica de la ATC, los datos de los veh\u00edculos y de los titulares, y la cuota que toca pagar.<\/p>\n<p>Se trata del padr\u00f3n provisional, y\u00a0hasta el 3 de junio hay tiempo para presentar alegaciones\u00a0si alg\u00fan dato que hay aparece no es correcto. El padr\u00f3n ser\u00e1 definitivo a partir del 1 de septiembre.<\/p>\n<p>Este a\u00f1o, el segundo que se pagar\u00e1 este impuesto, se han mantenido las tarifas. Debido a la situaci\u00f3n generada por la pandemia, la inflaci\u00f3n y la invasi\u00f3n de Ucrania no se aplicar\u00e1 el aumento previsto.<\/p>\n<p>La consulta del censo se puede hacer de manera simple, indicando el NIF del titular y la matr\u00edcula del veh\u00edculo, y facilitando un n\u00famero de m\u00f3vil para recibir un c\u00f3digo. Esta consulta es sobre un solo veh\u00edculo y permite solicitar el cambio de datos y domiciliar el pago, modificar o anular una domiciliaci\u00f3n existente.<\/p>\n<p>Tambi\u00e9n se puede realizar una consulta completa, con una identificaci\u00f3n digital como el idCAT M\u00f3vil, que permite gestionar varios veh\u00edculos.<\/p>\n<h2>Impuesto finalista<\/h2>\n<p>El impuesto sobre las emisiones de di\u00f3xido de carbono de los veh\u00edculos de tracci\u00f3n mec\u00e1nica, aprobado por el Parlament en 2017, es un atributo de la Generalitat, de car\u00e1cter finalista, que tiene por objeto grabar las emisiones de CO2 de coches, furgonetas y motocicletas, que inciden en el aumento de las emisiones de gases de efecto invernadero.<\/p>\n<p>As\u00ed, el dinero recaudado se destina a partes iguales a financiar el Fondo clim\u00e1tico y el Fondo de patrimonio natural.<\/p>\n<h2>El pago, en noviembre<\/h2>\n<p>Aunque ahora se ha hecho p\u00fablico el censo provisional, el pago del impuesto no debe realizarse hasta noviembre. El plazo previsto es del 1 al 20 de noviembre de 2022. Si el pago est\u00e1 domiciliado, la ATC informa que el cargo se efectuar\u00e1 durante el mes de noviembre de 2022.<\/p>\n<p>Fuente:<a href=\"https:\/\/www.ccma.cat\/324\" target=\"_blank\" rel=\"noopener\">324<\/a><\/p>\n","protected":false},"excerpt":{"rendered":"<p>La Ag\u00e8ncia Tribut\u00e0ria de Catalunya ya ha publicado el padr\u00f3n de los contribuyentes que este 2022 deben pagar el impuesto sobre las emisiones de di\u00f3xido de carbono de los veh\u00edculos de tracci\u00f3n mec\u00e1nica.<\/p>\n<p>Ya se pueden consultar, por tanto, en la sede electr\u00f3nica de la ATC, los datos de los veh\u00edculos y de los titulares, y la cuota que toca pagar.<\/p>\n","protected":false},"author":1,"featured_media":2762,"comment_status":"open","ping_status":"open","sticky":false,"template":"","format":"standard","meta":{"_joinchat":[],"footnotes":""},"categories":[9],"tags":[],"_links":{"self":[{"href":"https:\/\/www.sugranyes.com\/es\/wp-json\/wp\/v2\/posts\/2764"}],"collection":[{"href":"https:\/\/www.sugranyes.com\/es\/wp-json\/wp\/v2\/posts"}],"about":[{"href":"https:\/\/www.sugranyes.com\/es\/wp-json\/wp\/v2\/types\/post"}],"author":[{"embeddable":true,"href":"https:\/\/www.sugranyes.com\/es\/wp-json\/wp\/v2\/users\/1"}],"replies":[{"embeddable":true,"href":"https:\/\/www.sugranyes.com\/es\/wp-json\/wp\/v2\/comments?post=2764"}],"version-history":[{"count":1,"href":"https:\/\/www.sugranyes.com\/es\/wp-json\/wp\/v2\/posts\/2764\/revisions"}],"predecessor-version":[{"id":3455,"href":"https:\/\/www.sugranyes.com\/es\/wp-json\/wp\/v2\/posts\/2764\/revisions\/3455"}],"wp:featuredmedia":[{"embeddable":true,"href":"https:\/\/www.sugranyes.com\/es\/wp-json\/wp\/v2\/media\/2762"}],"wp:attachment":[{"href":"https:\/\/www.sugranyes.com\/es\/wp-json\/wp\/v2\/media?parent=2764"}],"wp:term":[{"taxonomy":"category","embeddable":true,"href":"https:\/\/www.sugranyes.com\/es\/wp-json\/wp\/v2\/categories?post=2764"},{"taxonomy":"post_tag","embeddable":true,"href":"https:\/\/www.sugranyes.com\/es\/wp-json\/wp\/v2\/tags?post=2764"}],"curies":[{"name":"wp","href":"https:\/\/api.w.org\/{rel}","templated":true}]}}