{"id":2529,"date":"2021-12-29T17:12:30","date_gmt":"2021-12-29T16:12:30","guid":{"rendered":"https:\/\/www.sugranyes.com\/?p=2529"},"modified":"2023-10-18T12:21:10","modified_gmt":"2023-10-18T10:21:10","slug":"calendario-festivos-2022","status":"publish","type":"post","link":"https:\/\/www.sugranyes.com\/es\/2021\/12\/calendario-festivos-2022\/","title":{"rendered":"Calendario festivos 2022"},"content":{"rendered":"<p>Se ha publicado la Resoluci\u00f3n de 14 de octubre de 2021, de la Direcci\u00f3n General de Trabajo por la que se publica la relaci\u00f3n de fiestas laborales para el a\u00f1o 2022.<\/p>\n<p>El 2022 tendr\u00e1 12 festivos a los que habr\u00e1 que sumar dos festividades locales que decide cada municipio. Estas festividades locales ser\u00e1n retribuidas y no recuperables. De estos 12 d\u00edas festivos, 4 los decide cada comunidad aut\u00f3noma y 8 son comunes en todo el Estado.<\/p>\n<p>Este a\u00f1o hay 3 d\u00edas festivos que caer\u00e1n en domingo y por tanto no entran en el recuento de d\u00edas festivos, estos son: el 1 de mayo, el 11 de septiembre y el 25 de diciembre.<\/p>\n<p>Tambi\u00e9n habr\u00e1 la posibilidad de realizar algunos puentes o fines de semana largo como el fin de semana de Reyes, ya que el d\u00eda 6 de enero cae en jueves. La semana Santa cae m\u00e1s tarde que en 2021: del 15 al 18 de abril y como el d\u00eda 11 de septiembre, d\u00eda de la Diada Nacional de Catalu\u00f1a, cae en domingo este a\u00f1o se ha establecido como festivo el d\u00eda 6 de junio.<\/p>\n<p>As\u00ed pues, los festivos del a\u00f1o 2022 para Catalu\u00f1a son los siguientes:<\/p>\n<ul>\n<li>Fin de A\u00f1o: s\u00e1bado 1 de enero<\/li>\n<li>Reyes: jueves 6 de enero<\/li>\n<li>Viernes Santo: 15 de abril<\/li>\n<li>Lunes de Pascua Florida: 18 de abril<\/li>\n<li>Segunda Pascua o Pascua Granada: lunes 6 de junio<\/li>\n<li>San Juan: viernes 24 de junio<\/li>\n<li>La Asunci\u00f3n: lunes 15 de agosto<\/li>\n<li>Fiesta Nacional de Espa\u00f1a: mi\u00e9rcoles 12 de octubre<\/li>\n<li>Todos los Santos: martes 1 de noviembre<\/li>\n<li>D\u00eda de la Constituci\u00f3n: martes 6 de diciembre<\/li>\n<li>La Inmaculada: jueves 8 de diciembre<\/li>\n<li>San Esteban: lunes 26 de diciembre<\/li>\n<\/ul>\n","protected":false},"excerpt":{"rendered":"<p>Se ha publicado la Resoluci\u00f3n de 14 de octubre de 2021, de la Direcci\u00f3n General de Trabajo por la que se publica la relaci\u00f3n de fiestas laborales para el a\u00f1o 2022.<\/p>\n","protected":false},"author":1,"featured_media":2524,"comment_status":"open","ping_status":"open","sticky":false,"template":"","format":"standard","meta":{"_joinchat":[],"footnotes":""},"categories":[9],"tags":[],"_links":{"self":[{"href":"https:\/\/www.sugranyes.com\/es\/wp-json\/wp\/v2\/posts\/2529"}],"collection":[{"href":"https:\/\/www.sugranyes.com\/es\/wp-json\/wp\/v2\/posts"}],"about":[{"href":"https:\/\/www.sugranyes.com\/es\/wp-json\/wp\/v2\/types\/post"}],"author":[{"embeddable":true,"href":"https:\/\/www.sugranyes.com\/es\/wp-json\/wp\/v2\/users\/1"}],"replies":[{"embeddable":true,"href":"https:\/\/www.sugranyes.com\/es\/wp-json\/wp\/v2\/comments?post=2529"}],"version-history":[{"count":1,"href":"https:\/\/www.sugranyes.com\/es\/wp-json\/wp\/v2\/posts\/2529\/revisions"}],"predecessor-version":[{"id":3473,"href":"https:\/\/www.sugranyes.com\/es\/wp-json\/wp\/v2\/posts\/2529\/revisions\/3473"}],"wp:featuredmedia":[{"embeddable":true,"href":"https:\/\/www.sugranyes.com\/es\/wp-json\/wp\/v2\/media\/2524"}],"wp:attachment":[{"href":"https:\/\/www.sugranyes.com\/es\/wp-json\/wp\/v2\/media?parent=2529"}],"wp:term":[{"taxonomy":"category","embeddable":true,"href":"https:\/\/www.sugranyes.com\/es\/wp-json\/wp\/v2\/categories?post=2529"},{"taxonomy":"post_tag","embeddable":true,"href":"https:\/\/www.sugranyes.com\/es\/wp-json\/wp\/v2\/tags?post=2529"}],"curies":[{"name":"wp","href":"https:\/\/api.w.org\/{rel}","templated":true}]}}