{"id":2056,"date":"2021-03-25T18:58:06","date_gmt":"2021-03-25T17:58:06","guid":{"rendered":"https:\/\/www.sugranyes.com\/?p=2056"},"modified":"2023-10-18T12:21:13","modified_gmt":"2023-10-18T10:21:13","slug":"he-cobrado-un-erte-estoy-obligada-a-hacer-la-declaracion-de-la-renta","status":"publish","type":"post","link":"https:\/\/www.sugranyes.com\/es\/2021\/03\/he-cobrado-un-erte-estoy-obligada-a-hacer-la-declaracion-de-la-renta\/","title":{"rendered":"He cobrado un ERTE. \u00bfestoy obligada a hacer la declaraci\u00f3n de la renta?"},"content":{"rendered":"<p>Esta es sin duda la gran pregunta que se har\u00e1n todas aquellas personas que durante el 2020 se han visto afectadas parcial o totalmente por un ERTE debido a la pandemia del Covid-19 y para poder dar respuesta se tendr\u00e1n en cuenta diferentes factores.<\/p>\n<p>En primer lugar debemos tener claro cuando un contribuyente est\u00e1 obligado por norma general a hacer la declaraci\u00f3n de la renta. Esta obligaci\u00f3n nace seg\u00fan el n\u00famero de pagadores que haya tenido durante el 2020 y el importe bruto de cada uno de ellos, ya que el l\u00edmite en el m\u00ednimo para hacer la declaraci\u00f3n de la renta con un solo pagador son 22.000,00 \u20ac brutos al a\u00f1o, y de 14.000,00 \u20ac brutos al a\u00f1o con dos pagadores. Siempre y cuando el segundo pagador supere los 1.500,00 \u20ac, ya que si no los supera el m\u00ednimo para hacerla es de 22.000,00 \u20ac brutos al a\u00f1o incluidos primer y segundo pagador.<\/p>\n<p>Es por ello que aquellas personas que se han visto afectadas por un ERTE durante el 2020 y han cobrado entre los dos pagadores m\u00e1s de 14.000,00 \u20ac brutos al a\u00f1o estar\u00e1n obligados a hacer la declaraci\u00f3n de la renta. Los importes cobrados por la Seguridad Social derivados de un ERTE se consideran un segundo pagador, lo mismo ocurre si se ha cobrado una prestaci\u00f3n de desempleo o cualquier otro tipo de renta contributiva en el mismo ejercicio aunque sea una prestaci\u00f3n que derive del primer pagador .<\/p>\n<p>La cuant\u00eda a pagar o a devolver en el momento que nace esta obligaci\u00f3n depende del tipo de retenci\u00f3n aplicado en el primer pagador. Debemos tener en cuenta que las prestaciones de la Seguridad Social normalmente no tienen ning\u00fan tipo de retenci\u00f3n, pues lo m\u00e1s probable es que la retenci\u00f3n del primer pagador no compense con los importes cobrados del segundo pagador y la declaraci\u00f3n de la renta tenga un resultado a ingresar.<\/p>\n<p>Ante la excepcionalidad del momento y de la complejidad que puede suponer presentar la declaraci\u00f3n de renta de 2020 recomendamos que lo consulten en un profesional o gestor administrativo que los pueda resolver todas las dudas que se puedan tener.<\/p>\n<p>Goretti Molons<br \/>\nEconomista 16.069<\/p>\n","protected":false},"excerpt":{"rendered":"<p>\u00bfHas sido afectad@ por un ERTE y no sabes si tienes que hacer la declaraci\u00f3n de la renta? Encuentra la respuesta en este escrito.<\/p>\n","protected":false},"author":1,"featured_media":1414,"comment_status":"open","ping_status":"open","sticky":false,"template":"","format":"standard","meta":{"_joinchat":[],"footnotes":""},"categories":[9],"tags":[],"_links":{"self":[{"href":"https:\/\/www.sugranyes.com\/es\/wp-json\/wp\/v2\/posts\/2056"}],"collection":[{"href":"https:\/\/www.sugranyes.com\/es\/wp-json\/wp\/v2\/posts"}],"about":[{"href":"https:\/\/www.sugranyes.com\/es\/wp-json\/wp\/v2\/types\/post"}],"author":[{"embeddable":true,"href":"https:\/\/www.sugranyes.com\/es\/wp-json\/wp\/v2\/users\/1"}],"replies":[{"embeddable":true,"href":"https:\/\/www.sugranyes.com\/es\/wp-json\/wp\/v2\/comments?post=2056"}],"version-history":[{"count":1,"href":"https:\/\/www.sugranyes.com\/es\/wp-json\/wp\/v2\/posts\/2056\/revisions"}],"predecessor-version":[{"id":3493,"href":"https:\/\/www.sugranyes.com\/es\/wp-json\/wp\/v2\/posts\/2056\/revisions\/3493"}],"wp:featuredmedia":[{"embeddable":true,"href":"https:\/\/www.sugranyes.com\/es\/wp-json\/wp\/v2\/media\/1414"}],"wp:attachment":[{"href":"https:\/\/www.sugranyes.com\/es\/wp-json\/wp\/v2\/media?parent=2056"}],"wp:term":[{"taxonomy":"category","embeddable":true,"href":"https:\/\/www.sugranyes.com\/es\/wp-json\/wp\/v2\/categories?post=2056"},{"taxonomy":"post_tag","embeddable":true,"href":"https:\/\/www.sugranyes.com\/es\/wp-json\/wp\/v2\/tags?post=2056"}],"curies":[{"name":"wp","href":"https:\/\/api.w.org\/{rel}","templated":true}]}}