{"id":1936,"date":"2021-01-11T10:08:47","date_gmt":"2021-01-11T09:08:47","guid":{"rendered":"https:\/\/www.sugranyes.com\/?p=1936"},"modified":"2023-10-18T12:21:16","modified_gmt":"2023-10-18T10:21:16","slug":"16-semanas-de-permiso-de-paternidad-para-los-dos-progenitores-a-partir-del-2021","status":"publish","type":"post","link":"https:\/\/www.sugranyes.com\/es\/2021\/01\/16-semanas-de-permiso-de-paternidad-para-los-dos-progenitores-a-partir-del-2021\/","title":{"rendered":"16 semanas de permiso de paternidad para los dos progenitores a partir del 2021"},"content":{"rendered":"<p>El Estado Espa\u00f1ol avanza con la igualdad de g\u00e9nero en el \u00e1mbito laboral aumentando el permiso de paternidad obligatorio de 16 semanas desde el nacimiento del hijo o hija para ambos progenitores.<\/p>\n<p>Para garantizar que esta igualdad laboral exista, la ley 6\/2019 establece que el permiso de paternidad es intransferible con el otro progenitor y es obligatorio.<\/p>\n<p>Los trabajadores que sean padres mantendr\u00e1n el 100% del salario durante este periodo de forma interrumpida y a jornada completa, al menos las primeras seis semanas posteriores al parto o adopci\u00f3n.<\/p>\n<p>El resto de semanas ambos progenitores pueden decidir c\u00f3mo organizar las semanas que tienen ambos pendientes, siempre con previo acuerdo con la empresa, hasta que el hijo o hija cumpla un a\u00f1o de edad.<\/p>\n<p>Esta decisi\u00f3n se comunicar\u00e1 a la empresa con 15 d\u00edas de antelaci\u00f3n.<\/p>\n<p>Se trata de un avance importante para la igualdad de derechos y oportunidad en el \u00e1mbito laboral.<\/p>\n<p><em>Goretti Molons<\/em><br \/>\n<em>Economista 16.069<\/em><br \/>\n<em>Graduada en Ciencias Empresariales y Management<\/em><\/p>\n","protected":false},"excerpt":{"rendered":"<p>El Estado Espa\u00f1ol avanza con la igualdad de g\u00e9nero en el \u00e1mbito laboral.<\/p>\n","protected":false},"author":1,"featured_media":1939,"comment_status":"open","ping_status":"open","sticky":false,"template":"","format":"standard","meta":{"_joinchat":[],"footnotes":""},"categories":[9],"tags":[],"_links":{"self":[{"href":"https:\/\/www.sugranyes.com\/es\/wp-json\/wp\/v2\/posts\/1936"}],"collection":[{"href":"https:\/\/www.sugranyes.com\/es\/wp-json\/wp\/v2\/posts"}],"about":[{"href":"https:\/\/www.sugranyes.com\/es\/wp-json\/wp\/v2\/types\/post"}],"author":[{"embeddable":true,"href":"https:\/\/www.sugranyes.com\/es\/wp-json\/wp\/v2\/users\/1"}],"replies":[{"embeddable":true,"href":"https:\/\/www.sugranyes.com\/es\/wp-json\/wp\/v2\/comments?post=1936"}],"version-history":[{"count":1,"href":"https:\/\/www.sugranyes.com\/es\/wp-json\/wp\/v2\/posts\/1936\/revisions"}],"predecessor-version":[{"id":3508,"href":"https:\/\/www.sugranyes.com\/es\/wp-json\/wp\/v2\/posts\/1936\/revisions\/3508"}],"wp:featuredmedia":[{"embeddable":true,"href":"https:\/\/www.sugranyes.com\/es\/wp-json\/wp\/v2\/media\/1939"}],"wp:attachment":[{"href":"https:\/\/www.sugranyes.com\/es\/wp-json\/wp\/v2\/media?parent=1936"}],"wp:term":[{"taxonomy":"category","embeddable":true,"href":"https:\/\/www.sugranyes.com\/es\/wp-json\/wp\/v2\/categories?post=1936"},{"taxonomy":"post_tag","embeddable":true,"href":"https:\/\/www.sugranyes.com\/es\/wp-json\/wp\/v2\/tags?post=1936"}],"curies":[{"name":"wp","href":"https:\/\/api.w.org\/{rel}","templated":true}]}}