{"id":1870,"date":"2020-11-26T11:45:35","date_gmt":"2020-11-26T10:45:35","guid":{"rendered":"https:\/\/www.sugranyes.com\/?p=1870"},"modified":"2023-10-18T12:21:17","modified_gmt":"2023-10-18T10:21:17","slug":"iva-del-0-en-el-material-sanitario","status":"publish","type":"post","link":"https:\/\/www.sugranyes.com\/es\/2020\/11\/iva-del-0-en-el-material-sanitario\/","title":{"rendered":"IVA del 0% en el material sanitario"},"content":{"rendered":"<p>El pasado 18 de noviembre de 2020 se publicaba en el BOE el <span style=\"color: #333399;\"><a style=\"color: #333399;\" href=\"https:\/\/www.boe.es\/buscar\/act.php?id=BOE-A-2020-14.368\" target=\"_blank\" rel=\"noopener\">Real Decreto Ley 34\/2020<\/a> <\/span>derivado de las nuevas medidas para paliar la pandemia que estamos viviendo actualmente.<\/p>\n<p>Una de las m\u00faltiples medidas que se aprueban en este decreto, encontramos que se ampl\u00eda el plazo de aplicaci\u00f3n del 0% de IVA a las ventas de material sanitario (que se detalla en el Anexo del propio Real Decreto) hasta el 30 de abril de 2021.<\/p>\n<p>La aplicaci\u00f3n de este cero por ciento se factura siempre y cuando sean entidades de Derecho P\u00fablico, hospitales, centros hospitalarios, cl\u00ednicas o incluso entidades privadas de car\u00e1cter social.<\/p>\n<p>Las adquisiciones que se hayan hecho antes de la publicaci\u00f3n de este Real Decreto Ley no tienen efectos en el derecho de poderse deducir el IVA soportado.<\/p>\n","protected":false},"excerpt":{"rendered":"<p>Se ampl\u00eda el plazo de aplicaci\u00f3n del 0% de IVA a las ventas de material sanitario.<\/p>\n","protected":false},"author":1,"featured_media":1615,"comment_status":"open","ping_status":"open","sticky":false,"template":"","format":"standard","meta":{"_joinchat":[],"footnotes":""},"categories":[9],"tags":[],"_links":{"self":[{"href":"https:\/\/www.sugranyes.com\/es\/wp-json\/wp\/v2\/posts\/1870"}],"collection":[{"href":"https:\/\/www.sugranyes.com\/es\/wp-json\/wp\/v2\/posts"}],"about":[{"href":"https:\/\/www.sugranyes.com\/es\/wp-json\/wp\/v2\/types\/post"}],"author":[{"embeddable":true,"href":"https:\/\/www.sugranyes.com\/es\/wp-json\/wp\/v2\/users\/1"}],"replies":[{"embeddable":true,"href":"https:\/\/www.sugranyes.com\/es\/wp-json\/wp\/v2\/comments?post=1870"}],"version-history":[{"count":1,"href":"https:\/\/www.sugranyes.com\/es\/wp-json\/wp\/v2\/posts\/1870\/revisions"}],"predecessor-version":[{"id":3513,"href":"https:\/\/www.sugranyes.com\/es\/wp-json\/wp\/v2\/posts\/1870\/revisions\/3513"}],"wp:featuredmedia":[{"embeddable":true,"href":"https:\/\/www.sugranyes.com\/es\/wp-json\/wp\/v2\/media\/1615"}],"wp:attachment":[{"href":"https:\/\/www.sugranyes.com\/es\/wp-json\/wp\/v2\/media?parent=1870"}],"wp:term":[{"taxonomy":"category","embeddable":true,"href":"https:\/\/www.sugranyes.com\/es\/wp-json\/wp\/v2\/categories?post=1870"},{"taxonomy":"post_tag","embeddable":true,"href":"https:\/\/www.sugranyes.com\/es\/wp-json\/wp\/v2\/tags?post=1870"}],"curies":[{"name":"wp","href":"https:\/\/api.w.org\/{rel}","templated":true}]}}