{"id":1859,"date":"2020-11-18T22:47:24","date_gmt":"2020-11-18T21:47:24","guid":{"rendered":"https:\/\/www.sugranyes.com\/?p=1859"},"modified":"2023-10-18T12:21:18","modified_gmt":"2023-10-18T10:21:18","slug":"empresas-y-autonomos-tendran-mas-tiempo-para-pedir-y-devolver-los-creditos-ico","status":"publish","type":"post","link":"https:\/\/www.sugranyes.com\/es\/2020\/11\/empresas-y-autonomos-tendran-mas-tiempo-para-pedir-y-devolver-los-creditos-ico\/","title":{"rendered":"Empresas y aut\u00f3nomos tendr\u00e1n m\u00e1s tiempo para pedir y devolver los cr\u00e9ditos ICO"},"content":{"rendered":"<p><span style=\"font-weight: 400;\">El <\/span><b>Consejo de Ministros<\/b><span style=\"font-weight: 400;\"> de este martes ha aprobado una serie de <\/span><b>medidas relativas a los cr\u00e9ditos ICO<\/b><span style=\"font-weight: 400;\"> para proteger la <\/span><b>solvencia de las empresas y los aut\u00f3nomos<\/b><span style=\"font-weight: 400;\"> afectados por la crisis econ\u00f3mica generada por la pandemia.<\/span><\/p>\n<p><span style=\"font-weight: 400;\">Por un lado, <\/span><b>se ha ampliado en tres a\u00f1os el plazo de devoluci\u00f3n<\/b><span style=\"font-weight: 400;\">,hasta <\/span><b>un total de ocho a\u00f1os<\/b><span style=\"font-weight: 400;\">.<\/span><\/p>\n<p><span style=\"font-weight: 400;\">A esta ampliaci\u00f3n del vencimiento hay que a\u00f1adir la ampliaci\u00f3n del<\/span><b> periodo de carencia de los cr\u00e9ditos concedidos, de 12 meses<\/b><span style=\"font-weight: 400;\">,hasta <\/span><b>un total de dos a\u00f1os<\/b><span style=\"font-weight: 400;\">,siempre que se mantengan las condiciones de no estar en concurso ni en mora.<\/span><\/p>\n<p><span style=\"font-weight: 400;\">El decreto aprobado por el gobierno espa\u00f1ol, adem\u00e1s, establece la ampliaci\u00f3n hasta<\/span><b> el 30 de junio del plazo de solicitud de los avales<\/b><span style=\"font-weight: 400;\"> de las dos l\u00edneas que el Instituto de Cr\u00e9dito Oficial tiene en funcionamiento.<\/span><\/p>\n<p><span style=\"font-weight: 400;\">Los cr\u00e9ditos ICO<\/span><b> les conceden las entidades bancarias<\/b><span style=\"font-weight: 400;\">,pero tienen el aval del Estado.<\/span><\/p>\n<p><span style=\"font-weight: 400;\">La vicepresidenta tercera y ministra de Asuntos Econ\u00f3micos,<\/span> <strong>Nadia\u00a0<\/strong><span style=\"font-weight: 400;\"><strong>Calvi\u00f1o<\/strong>,hab\u00eda avanzado este lunes estas y otras decisiones en una rueda de prensa en la que explic\u00f3 que esta ampliaci\u00f3n del periodo de suscripci\u00f3n ha sido <\/span><strong>autorizada por la Uni\u00f3n\u00a0<\/strong><span style=\"font-weight: 400;\"><strong>Europea<\/strong>.<\/span><\/p>\n<p><span style=\"font-weight: 400;\">Calvi\u00f1o explic\u00f3, adem\u00e1s, que <\/span><b>la negociaci\u00f3n con la Comisi\u00f3n Europea y las entidades bancarias \u00abno ha sido f\u00e1cil<\/b><span style=\"font-weight: 400;\">\u00ab,porque se trata de ayudas p\u00fablicas que pueden entrar en conflicto con el \u00abmarco judicial\u00bb de los bancos.<\/span><\/p>\n<p><span style=\"font-weight: 400;\">Hasta el 11 de noviembre, el gobierno espa\u00f1ol ha avalado cr\u00e9ditos ICO por valor de <\/span><b>81.787 millones de euros. <\/b>En<span style=\"font-weight: 400;\"> total, se han movilizado unos 107.600 millones y se han firmado 876.000 operaciones, <\/span><b>el 98% con pymes y aut\u00f3nomos<\/b><span style=\"font-weight: 400;\">.<\/span><\/p>\n<h2><b>Plan para la hosteler\u00eda y el comercio<\/b><\/h2>\n<p><span style=\"font-weight: 400;\">La titular de Econom\u00eda, por su parte, ha expresado el<\/span><b> \u00abcompromiso absoluto\u00bb del Gobierno con la hosteler\u00eda y el comercio<\/b><span style=\"font-weight: 400;\">,y ha avanzado que <\/span><b>se est\u00e1 trabajando en un plan de apoyo <\/b><span style=\"font-weight: 400;\">a estos dos sectores tan afectados por la pandemia.<\/span><\/p>\n<p><span style=\"font-weight: 400;\">Ser\u00e1 un plan <\/span><b>coordinado con las comunidades aut\u00f3nomas y los gobiernos locales<\/b><span style=\"font-weight: 400;\"> y que incluir\u00eda <\/span><b>medidas econ\u00f3micas, fiscales y financieras<\/b><span style=\"font-weight: 400;\"> sobre las que el gobierno espa\u00f1ol ya tiene propuestas concretas sobre la mesa, como <\/span><b>bonificaciones y exenciones a las cuotas de la Seguridad Social<\/b><span style=\"font-weight: 400;\"> y tambi\u00e9n poder <\/span><b>renegociar los alquileres de los locales.<\/b><\/p>\n<p><span style=\"font-weight: 400;\">De entrada, sin embargo, estas medidas a\u00fan no se presentar\u00e1n este martes.<\/span><\/p>\n<p><span style=\"font-weight: 400;\">La crisis econ\u00f3mica provocada por la pandemia de Covid-19 ha causado el <\/span><b>cierre de 65.000 bares y restaurantes<\/b><span style=\"font-weight: 400;\"> y ha dejado <\/span><strong>350.000 personas en\u00a0<\/strong><span style=\"font-weight: 400;\"><strong>paro<\/strong>. Adem\u00e1s, la facturaci\u00f3n del sector ha ca\u00eddo hasta el 50% respecto al 2019.<\/span><\/p>\n<p><span style=\"font-weight: 400;\">Por otra parte, el Consejo de Ministros tambi\u00e9n tiene previsto aprobar la <\/span><a href=\"https:\/\/www.ccma.cat\/324\/les-mascaretes-mes-barates-el-govern-espanyol-anuncia-una-rebaixa-de-liva\/noticia\/3059081\/\"><b>rebaja del 21% al 4% del IVA de las mascarillas<\/b><\/a><span style=\"font-weight: 400;\">, anunciada la semana pasada.<\/span><\/p>\n<p><span style=\"font-weight: 400;\">Fuente: <\/span><a href=\"https:\/\/www.ccma.cat\/324\/empreses-i-autonoms-tindran-mes-temps-per-demanar-i-retornar-els-credits-ico\/noticia\/3060251\/\"><span style=\"font-weight: 400;\">https:\/\/www.ccma.cat\/324\/<\/span><\/a><\/p>\n","protected":false},"excerpt":{"rendered":"<p>El gobierno espa\u00f1ol ha aprobado la ampliaci\u00f3n hasta 3 a\u00f1os del plazo para devolverlos. Adem\u00e1s, ha alargado un a\u00f1o el periodo de carencia y ampl\u00eda hasta el 30 de junio el plazo para acceder a los avales del estado para dar liquidez a las empresas afectadas por la pandemia.<\/p>\n","protected":false},"author":1,"featured_media":1857,"comment_status":"open","ping_status":"open","sticky":false,"template":"","format":"standard","meta":{"_joinchat":[],"footnotes":""},"categories":[9],"tags":[],"_links":{"self":[{"href":"https:\/\/www.sugranyes.com\/es\/wp-json\/wp\/v2\/posts\/1859"}],"collection":[{"href":"https:\/\/www.sugranyes.com\/es\/wp-json\/wp\/v2\/posts"}],"about":[{"href":"https:\/\/www.sugranyes.com\/es\/wp-json\/wp\/v2\/types\/post"}],"author":[{"embeddable":true,"href":"https:\/\/www.sugranyes.com\/es\/wp-json\/wp\/v2\/users\/1"}],"replies":[{"embeddable":true,"href":"https:\/\/www.sugranyes.com\/es\/wp-json\/wp\/v2\/comments?post=1859"}],"version-history":[{"count":1,"href":"https:\/\/www.sugranyes.com\/es\/wp-json\/wp\/v2\/posts\/1859\/revisions"}],"predecessor-version":[{"id":3515,"href":"https:\/\/www.sugranyes.com\/es\/wp-json\/wp\/v2\/posts\/1859\/revisions\/3515"}],"wp:featuredmedia":[{"embeddable":true,"href":"https:\/\/www.sugranyes.com\/es\/wp-json\/wp\/v2\/media\/1857"}],"wp:attachment":[{"href":"https:\/\/www.sugranyes.com\/es\/wp-json\/wp\/v2\/media?parent=1859"}],"wp:term":[{"taxonomy":"category","embeddable":true,"href":"https:\/\/www.sugranyes.com\/es\/wp-json\/wp\/v2\/categories?post=1859"},{"taxonomy":"post_tag","embeddable":true,"href":"https:\/\/www.sugranyes.com\/es\/wp-json\/wp\/v2\/tags?post=1859"}],"curies":[{"name":"wp","href":"https:\/\/api.w.org\/{rel}","templated":true}]}}