{"id":1616,"date":"2020-07-17T17:41:40","date_gmt":"2020-07-17T15:41:40","guid":{"rendered":"https:\/\/www.sugranyes.com\/?p=1616"},"modified":"2023-10-18T12:21:19","modified_gmt":"2023-10-18T10:21:19","slug":"salud-modifica-el-uso-de-la-mascarilla-en-el-trabajo","status":"publish","type":"post","link":"https:\/\/www.sugranyes.com\/es\/2020\/07\/salud-modifica-el-uso-de-la-mascarilla-en-el-trabajo\/","title":{"rendered":"Salud modifica el uso de la mascarilla en el trabajo"},"content":{"rendered":"<p>El Departamento de Salud ha actualizado el documento de preguntas frecuentes sobre el uso de la mascarilla en el trabajo, en el que determina que en empresas no abiertas al p\u00fablico, una vez la persona trabajadora est\u00e9 en su lugar de trabajo (sentada y \/ o haciendo una tarea que no comporte movilidad) y con todas las medidas necesarias, puede prescindir de la mascarilla.<\/p>\n<p>El 9 de julio, <a href=\"https:\/\/www.pimec.org\/ca\/institucio\/actualitat\/noticies\/us-obligatori-mascareta\" target=\"_blank\" rel=\"noopener\">el <em>Govern<\/em> anunci\u00f3 el uso obligatorio de la mascarilla en cualquier espacio cerrado de uso p\u00fablico<\/a>. Ahora, ha introducido esta modificaci\u00f3n con respecto al \u00e1mbito del trabajo:<\/p>\n<p>En el trabajo, \u00bftengo que llevar mascarilla?<\/p>\n<p>Es necesario que las empresas garanticen todas las medidas de protecci\u00f3n para las personas trabajadoras.<\/p>\n<p>En empresas no abiertas al p\u00fablico, una vez la persona trabajadora est\u00e9 en su lugar de trabajo (sentada y \/ o haciendo una tarea que no comporte movilidad) y con todas las medidas necesarias, puede prescindir de la mascarilla a pesar de que su uso sigue siendo recomendable.<\/p>\n<p>En cambio, ser\u00e1 obligatoria para todos los desplazamientos que se realicen en el interior del centro de trabajo (entradas, salidas, lavabo &#8230;)<\/p>\n<p>Tambi\u00e9n se podr\u00e1 prescindir de la mascarilla en aquellos trabajos que impliquen un gran esfuerzo f\u00edsico, independientemente de si se llevan a cabo en el interior o en el exterior (por ejemplo, en trabajos vinculados a la construcci\u00f3n) y siempre que se pueda garantizar la seguridad y salud de las personas trabajadoras.<\/p>\n","protected":false},"excerpt":{"rendered":"<p>El Departamento de Salud ha actualizado el documento de preguntas frecuentes sobre el uso de la mascarilla en el trabajo, en el que determina que en empresas no abiertas al p\u00fablico, una vez la persona trabajadora est\u00e9 en su lugar de trabajo (sentada y \/&#8230;<\/p>\n","protected":false},"author":1,"featured_media":1615,"comment_status":"open","ping_status":"open","sticky":false,"template":"","format":"standard","meta":{"_joinchat":[],"footnotes":""},"categories":[9],"tags":[],"_links":{"self":[{"href":"https:\/\/www.sugranyes.com\/es\/wp-json\/wp\/v2\/posts\/1616"}],"collection":[{"href":"https:\/\/www.sugranyes.com\/es\/wp-json\/wp\/v2\/posts"}],"about":[{"href":"https:\/\/www.sugranyes.com\/es\/wp-json\/wp\/v2\/types\/post"}],"author":[{"embeddable":true,"href":"https:\/\/www.sugranyes.com\/es\/wp-json\/wp\/v2\/users\/1"}],"replies":[{"embeddable":true,"href":"https:\/\/www.sugranyes.com\/es\/wp-json\/wp\/v2\/comments?post=1616"}],"version-history":[{"count":1,"href":"https:\/\/www.sugranyes.com\/es\/wp-json\/wp\/v2\/posts\/1616\/revisions"}],"predecessor-version":[{"id":3525,"href":"https:\/\/www.sugranyes.com\/es\/wp-json\/wp\/v2\/posts\/1616\/revisions\/3525"}],"wp:featuredmedia":[{"embeddable":true,"href":"https:\/\/www.sugranyes.com\/es\/wp-json\/wp\/v2\/media\/1615"}],"wp:attachment":[{"href":"https:\/\/www.sugranyes.com\/es\/wp-json\/wp\/v2\/media?parent=1616"}],"wp:term":[{"taxonomy":"category","embeddable":true,"href":"https:\/\/www.sugranyes.com\/es\/wp-json\/wp\/v2\/categories?post=1616"},{"taxonomy":"post_tag","embeddable":true,"href":"https:\/\/www.sugranyes.com\/es\/wp-json\/wp\/v2\/tags?post=1616"}],"curies":[{"name":"wp","href":"https:\/\/api.w.org\/{rel}","templated":true}]}}