{"id":1507,"date":"2020-05-25T01:20:07","date_gmt":"2020-05-24T23:20:07","guid":{"rendered":"https:\/\/www.sugranyes.com\/?p=1507"},"modified":"2023-10-18T12:21:20","modified_gmt":"2023-10-18T10:21:20","slug":"nueva-legislacion-covid-19","status":"publish","type":"post","link":"https:\/\/www.sugranyes.com\/es\/2020\/05\/nueva-legislacion-covid-19\/","title":{"rendered":"Nueva legislaci\u00f3n COVID-19"},"content":{"rendered":"<p>1)\u00a0 Resoluci\u00f3n de 20 de mayo de 2020, del Congreso de los Diputados, por la que se ordena la publicaci\u00f3n del Acuerdo de autorizaci\u00f3n de la pr\u00f3rroga del estado de alarma declarado por el Real Decreto 463\/2020, de 14 de marzo.<\/p>\n<p><span style=\"color: #0000ff;\"><a style=\"color: #0000ff;\" href=\"https:\/\/www.boe.es\/boe\/dias\/2020\/05\/23\/pdfs\/BOE-A-2020-5240.pdf\" target=\"_blank\" rel=\"noopener\">?\u00a0https:\/\/www.boe.es\/boe\/dias\/2020\/05\/23\/pdfs\/BOE-A-2020-5240.pdf<\/a><\/span><\/p>\n<p>2)\u00a0 Orden JUS\/430\/2020, de 22 de mayo, por la que se activa la Fase 2 del Plan de Desescalada para la Administraci\u00f3n de Justicia ante el COVID-19.<\/p>\n<p><span style=\"color: #0000ff;\"><a style=\"color: #0000ff;\" href=\"https:\/\/www.boe.es\/boe\/dias\/2020\/05\/23\/pdfs\/BOE-A-2020-5241.pdf\" target=\"_blank\" rel=\"noopener\">?\u00a0https:\/\/www.boe.es\/boe\/dias\/2020\/05\/23\/pdfs\/BOE-A-2020-5241.pdf<\/a><\/span><\/p>\n<p>3)\u00a0 Real Decreto 537\/2020, de 22 de mayo, por el que se prorroga el estado de alarma declarado por el Real Decreto 463\/2020, de 14 de marzo, por el que se declara el estado de alarma para la gesti\u00f3n de la situaci\u00f3n de crisis sanitaria ocasionada por el COVID-19.<\/p>\n<p><span style=\"color: #0000ff;\"><a style=\"color: #0000ff;\" href=\"https:\/\/www.boe.es\/boe\/dias\/2020\/05\/23\/pdfs\/BOE-A-2020-5243.pdf\" target=\"_blank\" rel=\"noopener\">?\u00a0https:\/\/www.boe.es\/boe\/dias\/2020\/05\/23\/pdfs\/BOE-A-2020-5243.pdf<\/a><\/span><\/p>\n<p>4) Catalu\u00f1a:\u00a0 Decreto-ley 6\/2020, de 12 de marzo, de medidas urgentes en materia asistencial, presupuestaria, financiera, fiscal y de contrataci\u00f3n p\u00fablica, con el fin de paliar los efectos de la pandemia generada por el coronavirus SARSCoV-2.<\/p>\n<p><span style=\"color: #0000ff;\"><a style=\"color: #0000ff;\" href=\"https:\/\/www.boe.es\/boe\/dias\/2020\/05\/23\/pdfs\/BOE-A-2020-5247.pdf\" target=\"_blank\" rel=\"noopener\">?\u00a0https:\/\/www.boe.es\/boe\/dias\/2020\/05\/23\/pdfs\/BOE-A-2020-5247.pdf<\/a><\/span><\/p>\n","protected":false},"excerpt":{"rendered":"<p>\u00bfCu\u00e1les son las \u00faltimas legislaciones y actualizaciones en materia Covid-19?<\/p>\n","protected":false},"author":1,"featured_media":1504,"comment_status":"open","ping_status":"open","sticky":false,"template":"","format":"standard","meta":{"_joinchat":[],"footnotes":""},"categories":[9],"tags":[],"_links":{"self":[{"href":"https:\/\/www.sugranyes.com\/es\/wp-json\/wp\/v2\/posts\/1507"}],"collection":[{"href":"https:\/\/www.sugranyes.com\/es\/wp-json\/wp\/v2\/posts"}],"about":[{"href":"https:\/\/www.sugranyes.com\/es\/wp-json\/wp\/v2\/types\/post"}],"author":[{"embeddable":true,"href":"https:\/\/www.sugranyes.com\/es\/wp-json\/wp\/v2\/users\/1"}],"replies":[{"embeddable":true,"href":"https:\/\/www.sugranyes.com\/es\/wp-json\/wp\/v2\/comments?post=1507"}],"version-history":[{"count":1,"href":"https:\/\/www.sugranyes.com\/es\/wp-json\/wp\/v2\/posts\/1507\/revisions"}],"predecessor-version":[{"id":3535,"href":"https:\/\/www.sugranyes.com\/es\/wp-json\/wp\/v2\/posts\/1507\/revisions\/3535"}],"wp:featuredmedia":[{"embeddable":true,"href":"https:\/\/www.sugranyes.com\/es\/wp-json\/wp\/v2\/media\/1504"}],"wp:attachment":[{"href":"https:\/\/www.sugranyes.com\/es\/wp-json\/wp\/v2\/media?parent=1507"}],"wp:term":[{"taxonomy":"category","embeddable":true,"href":"https:\/\/www.sugranyes.com\/es\/wp-json\/wp\/v2\/categories?post=1507"},{"taxonomy":"post_tag","embeddable":true,"href":"https:\/\/www.sugranyes.com\/es\/wp-json\/wp\/v2\/tags?post=1507"}],"curies":[{"name":"wp","href":"https:\/\/api.w.org\/{rel}","templated":true}]}}