{"id":1415,"date":"2020-04-22T21:22:34","date_gmt":"2020-04-22T19:22:34","guid":{"rendered":"https:\/\/www.sugranyes.com\/?p=1415"},"modified":"2023-10-18T12:21:22","modified_gmt":"2023-10-18T10:21:22","slug":"nuevas-medidas-fiscales-covid-19-decreto-dia-21-de-abril","status":"publish","type":"post","link":"https:\/\/www.sugranyes.com\/es\/2020\/04\/nuevas-medidas-fiscales-covid-19-decreto-dia-21-de-abril\/","title":{"rendered":"Nuevas medidas fiscales Covid-19 decreto d\u00eda 21 de abril"},"content":{"rendered":"<p><span style=\"font-weight: 400;\">Real Decreto-ley 15\/2020, de 21 de abril, de medidas complementarias y urgentes en materia fiscal derivadas estado de alarma Covid-19.<\/span><\/p>\n<ul>\n<li>El tipo impositivo aplicable del IVA de las entregas, importaciones y adquisiciones intracomunitarias de bienes necesarios para combatir los efectos del Covid-19, ser\u00e1 del 0%, siempre que los destinatarios sean entidades de Derecho P\u00fablico, cl\u00ednicas o centros hospitalarios, entidades privadas de car\u00e1ctersocial. Estas operaciones se documentar\u00e1n en factura exentas.<\/li>\n<li>Los contribuyentes de IRPF, que desarrollen actividades econ\u00f3micas y que su rendimiento neto se determine con m\u00e9todo de estimaci\u00f3n objetiva y, en el plazo de la presentaci\u00f3n del pago fraccionado correspondiente al primer trimestre del ejercicio 2020, renuncien a la aplicaci\u00f3n del mismo de la forma prevista por reglamento del IRPF, podr\u00e1n volver a determinar su rendimiento neto de la actividad econ\u00f3mica con sujeci\u00f3n al m\u00e9todo de estimaci\u00f3n objetiva en el ejercicio 2021, siempre que cumplan los requisitos para su aplicaci\u00f3n y revoquen la renuncia al m\u00e9todo de estimaci\u00f3n objetiva en los plazos previstos, o mediante la presentaci\u00f3n del pago fraccionado del primer trimestre del ejercicio 2021.<\/li>\n<li>No computar\u00e1n, en cada trimestre natural, como d\u00edas de ejercicio de la actividad, los d\u00edas naturales en los que se hubiera decretado el estado de alarma en el trimestre.<\/li>\n<li>No se iniciar\u00e1 el periodo ejecutivo por deudas tributarias como consecuencia de la presentaci\u00f3n de las liquidaciones presentadas por el contribuyente dentro de plazo y de las que no se haya efectuado el ingreso correspondiente, siempre que se cumplan los siguientes requisitos:\n<ul>\n<li>Que se haya solicitado dentro de plazo, la financiaci\u00f3n por el pago de las deudas tributarias resultantes de las declaraciones, y por el importe de las deudas.<\/li>\n<li>Que el obligado tributario aporte a la Administraci\u00f3n Tributaria, en un plazo m\u00e1ximo de cinco d\u00edas desde la fecha de plazo de la presentaci\u00f3n de las liquidaciones, un certificado expedido por la entidad financiera acreditativo de haberse formalizado la solicitud licitud de financiaci\u00f3n, incluyendo el importe y las deudas a que se refiere.<\/li>\n<\/ul>\n<\/li>\n<\/ul>\n","protected":false},"excerpt":{"rendered":"<p>Real Decreto-ley 15\/2020, de 21 de abril, de medidas complementarias y urgentes en materia fiscal derivadas estado de alarma Covid-19. El tipo impositivo aplicable del IVA de las entregas, importaciones y adquisiciones intracomunitarias de bienes necesarios para combatir los efectos del Covid-19, ser\u00e1 del 0%,&#8230;<\/p>\n","protected":false},"author":1,"featured_media":1414,"comment_status":"open","ping_status":"open","sticky":false,"template":"","format":"standard","meta":{"_joinchat":[],"footnotes":""},"categories":[9],"tags":[],"_links":{"self":[{"href":"https:\/\/www.sugranyes.com\/es\/wp-json\/wp\/v2\/posts\/1415"}],"collection":[{"href":"https:\/\/www.sugranyes.com\/es\/wp-json\/wp\/v2\/posts"}],"about":[{"href":"https:\/\/www.sugranyes.com\/es\/wp-json\/wp\/v2\/types\/post"}],"author":[{"embeddable":true,"href":"https:\/\/www.sugranyes.com\/es\/wp-json\/wp\/v2\/users\/1"}],"replies":[{"embeddable":true,"href":"https:\/\/www.sugranyes.com\/es\/wp-json\/wp\/v2\/comments?post=1415"}],"version-history":[{"count":1,"href":"https:\/\/www.sugranyes.com\/es\/wp-json\/wp\/v2\/posts\/1415\/revisions"}],"predecessor-version":[{"id":3546,"href":"https:\/\/www.sugranyes.com\/es\/wp-json\/wp\/v2\/posts\/1415\/revisions\/3546"}],"wp:featuredmedia":[{"embeddable":true,"href":"https:\/\/www.sugranyes.com\/es\/wp-json\/wp\/v2\/media\/1414"}],"wp:attachment":[{"href":"https:\/\/www.sugranyes.com\/es\/wp-json\/wp\/v2\/media?parent=1415"}],"wp:term":[{"taxonomy":"category","embeddable":true,"href":"https:\/\/www.sugranyes.com\/es\/wp-json\/wp\/v2\/categories?post=1415"},{"taxonomy":"post_tag","embeddable":true,"href":"https:\/\/www.sugranyes.com\/es\/wp-json\/wp\/v2\/tags?post=1415"}],"curies":[{"name":"wp","href":"https:\/\/api.w.org\/{rel}","templated":true}]}}