{"id":1386,"date":"2020-04-16T18:09:14","date_gmt":"2020-04-16T16:09:14","guid":{"rendered":"https:\/\/www.sugranyes.com\/?p=1386"},"modified":"2023-10-18T12:21:24","modified_gmt":"2023-10-18T10:21:24","slug":"situacion-asimilada-a-accidente-de-trabajo-de-los-periodos-de-aislamiento-o-contagio-como-consecuencia-del-virus-covidien-19","status":"publish","type":"post","link":"https:\/\/www.sugranyes.com\/es\/2020\/04\/situacion-asimilada-a-accidente-de-trabajo-de-los-periodos-de-aislamiento-o-contagio-como-consecuencia-del-virus-covidien-19\/","title":{"rendered":"Situaci\u00f3n asimilada a accidente de trabajo de los per\u00edodos de aislamiento o contagio como consecuencia del virus Covidien-19"},"content":{"rendered":"<p>El Gobierno ha modificado la regulaci\u00f3n sobre las bajas laborales derivadas del Covidien-19 en el <span style=\"color: #0000ff;\"><strong><a style=\"color: #0000ff;\" href=\"https:\/\/www.boe.es\/buscar\/act.php?id=BOE-A-2020-4332\">Real Decreto-ley 13\/2020<\/a><\/strong><\/span> del pasado 10 de abril.<\/p>\n<p>En un inicio, se estableci\u00f3 que todos trabajadores contagiados por el virus o afectados por cuarentenas preventivas tienen derecho a bajas \u00abasimilables\u00bb al accidente laboral, asimiladas a accidente de trabajo de cara a la prestaci\u00f3n econ\u00f3mica de incapacidad temporal del sistema de Seguridad social. Ahora el Gobierno aclara que, si el contagio se produce al trabajo, se trata de un accidente laboral a todos los efectos.<\/p>\n<p>La medida otorgaba m\u00e1s protecci\u00f3n a los beneficiarios, para que las prestaciones son m\u00e1s altas que las derivadas de enfermedad com\u00fan, y era m\u00e1s ventajosa para las empresas porque el coste lo asume la Seguridad Social desde el primer d\u00eda siguiente a la baja. Ahora, cuando se pruebe que el contagio de la enfermedad se ha tomado exclusivamente en el trabajo, ser\u00e1 evaluado como accidente de trabajo.<\/p>\n<p>Los empresarios deber\u00e1n aumentar las prestaciones de baja por accidente laboral con recargos de entre un 30% a un 50% cuando en las lesiones no se hayan tomado las medidas de seguridad y salud necesarias.<\/p>\n","protected":false},"excerpt":{"rendered":"<p>El Gobierno ha modificado la regulaci\u00f3n sobre las bajas laborales derivadas del Covidien-19 en el Real Decreto-ley 13\/2020 del pasado 10 de abril.<\/p>\n","protected":false},"author":1,"featured_media":1390,"comment_status":"open","ping_status":"open","sticky":false,"template":"","format":"standard","meta":{"_joinchat":[],"footnotes":""},"categories":[9],"tags":[],"_links":{"self":[{"href":"https:\/\/www.sugranyes.com\/es\/wp-json\/wp\/v2\/posts\/1386"}],"collection":[{"href":"https:\/\/www.sugranyes.com\/es\/wp-json\/wp\/v2\/posts"}],"about":[{"href":"https:\/\/www.sugranyes.com\/es\/wp-json\/wp\/v2\/types\/post"}],"author":[{"embeddable":true,"href":"https:\/\/www.sugranyes.com\/es\/wp-json\/wp\/v2\/users\/1"}],"replies":[{"embeddable":true,"href":"https:\/\/www.sugranyes.com\/es\/wp-json\/wp\/v2\/comments?post=1386"}],"version-history":[{"count":1,"href":"https:\/\/www.sugranyes.com\/es\/wp-json\/wp\/v2\/posts\/1386\/revisions"}],"predecessor-version":[{"id":3551,"href":"https:\/\/www.sugranyes.com\/es\/wp-json\/wp\/v2\/posts\/1386\/revisions\/3551"}],"wp:featuredmedia":[{"embeddable":true,"href":"https:\/\/www.sugranyes.com\/es\/wp-json\/wp\/v2\/media\/1390"}],"wp:attachment":[{"href":"https:\/\/www.sugranyes.com\/es\/wp-json\/wp\/v2\/media?parent=1386"}],"wp:term":[{"taxonomy":"category","embeddable":true,"href":"https:\/\/www.sugranyes.com\/es\/wp-json\/wp\/v2\/categories?post=1386"},{"taxonomy":"post_tag","embeddable":true,"href":"https:\/\/www.sugranyes.com\/es\/wp-json\/wp\/v2\/tags?post=1386"}],"curies":[{"name":"wp","href":"https:\/\/api.w.org\/{rel}","templated":true}]}}