{"id":1373,"date":"2020-04-15T16:49:17","date_gmt":"2020-04-15T14:49:17","guid":{"rendered":"https:\/\/www.sugranyes.com\/?p=1373"},"modified":"2023-10-18T12:21:24","modified_gmt":"2023-10-18T10:21:24","slug":"aplazamiento-declaraciones-trimestrales","status":"publish","type":"post","link":"https:\/\/www.sugranyes.com\/es\/2020\/04\/aplazamiento-declaraciones-trimestrales\/","title":{"rendered":"Aplazamiento declaraciones trimestrales"},"content":{"rendered":"<p>El pasado 10 de abril la Ministra de Hacienda comunicaba en rueda de prensa cambios respecto a las declaraciones trimestrales que empresas y aut\u00f3nomos se ven obligadas a presentar hasta el 20 de abril, ampliando el plazo de presentaci\u00f3n hasta mayo y aplazamiento del pago, tambi\u00e9n el 20 de mayo. Es una medida que no se aprueba hasta el 14 de mayo por el Consejo de Ministros.<\/p>\n<p>Esta medida es s\u00f3lo para aquellas personas f\u00edsicas o jur\u00eddicas con un volumen de facturaci\u00f3n inferior a 600.000 \u20ac anual, teniendo en cuenta los datos del \u00faltimo ejercicio. Estas empresas podr\u00e1n presentar las declaraciones trimestrales hasta el 20 de mayo, 15 por domiciliaci\u00f3n bancaria. Teniendo en cuenta que el trimestre comenz\u00f3 el pasado 1 de abril, y seguro que muchas empresas ya ten\u00edan domiciliados sus pagos por el 20 de abril, no se efectuar\u00e1 el pago hasta el 20 de mayo.<\/p>\n<p>La Ministra tambi\u00e9n comunic\u00f3 que las personas f\u00edsicas que est\u00e1n en el r\u00e9gimen de Estimaci\u00f3n Objetiva podr\u00e1n renunciar a este sistema de estimaci\u00f3n y hacer los pagos del trimestre por el r\u00e9gimen de Estimaci\u00f3n Directa Simplificada. O en caso de no acogerse a esta opci\u00f3n, se habilitar\u00e1 un sistema que les permita reducir el rendimiento neto de los d\u00edas que hayan tenido el establecimiento cerrado.<\/p>\n<p>Todas estas medidas se hacen con el fin de poder facilitar y flexibilizar el pago de impuestos a aquellas empresas que pueden verse afectadas a nivel de tesorer\u00eda por Covid-19. Por este motivo, ponemos a su disposici\u00f3n nuestros profesionales para dudas y preguntas a nivel contable-fiscal y laboral.<\/p>\n","protected":false},"excerpt":{"rendered":"<p>Cambios respecto a las declaraciones trimestrales que empresas y aut\u00f3nomos se ven obligadas a presentar <\/p>\n","protected":false},"author":1,"featured_media":1371,"comment_status":"open","ping_status":"open","sticky":false,"template":"","format":"standard","meta":{"_joinchat":[],"footnotes":""},"categories":[9],"tags":[],"_links":{"self":[{"href":"https:\/\/www.sugranyes.com\/es\/wp-json\/wp\/v2\/posts\/1373"}],"collection":[{"href":"https:\/\/www.sugranyes.com\/es\/wp-json\/wp\/v2\/posts"}],"about":[{"href":"https:\/\/www.sugranyes.com\/es\/wp-json\/wp\/v2\/types\/post"}],"author":[{"embeddable":true,"href":"https:\/\/www.sugranyes.com\/es\/wp-json\/wp\/v2\/users\/1"}],"replies":[{"embeddable":true,"href":"https:\/\/www.sugranyes.com\/es\/wp-json\/wp\/v2\/comments?post=1373"}],"version-history":[{"count":1,"href":"https:\/\/www.sugranyes.com\/es\/wp-json\/wp\/v2\/posts\/1373\/revisions"}],"predecessor-version":[{"id":3553,"href":"https:\/\/www.sugranyes.com\/es\/wp-json\/wp\/v2\/posts\/1373\/revisions\/3553"}],"wp:featuredmedia":[{"embeddable":true,"href":"https:\/\/www.sugranyes.com\/es\/wp-json\/wp\/v2\/media\/1371"}],"wp:attachment":[{"href":"https:\/\/www.sugranyes.com\/es\/wp-json\/wp\/v2\/media?parent=1373"}],"wp:term":[{"taxonomy":"category","embeddable":true,"href":"https:\/\/www.sugranyes.com\/es\/wp-json\/wp\/v2\/categories?post=1373"},{"taxonomy":"post_tag","embeddable":true,"href":"https:\/\/www.sugranyes.com\/es\/wp-json\/wp\/v2\/tags?post=1373"}],"curies":[{"name":"wp","href":"https:\/\/api.w.org\/{rel}","templated":true}]}}