{"id":1352,"date":"2020-04-06T21:21:54","date_gmt":"2020-04-06T19:21:54","guid":{"rendered":"https:\/\/www.sugranyes.com\/2020\/04\/el-govern-aprova-un-ajornament-i-moratoria-de-les-cotitzacions-socials-per-a-empreses-i-autonoms\/"},"modified":"2023-10-18T12:21:25","modified_gmt":"2023-10-18T10:21:25","slug":"el-govern-aprova-un-ajornament-i-moratoria-de-les-cotitzacions-socials-per-a-empreses-i-autonoms","status":"publish","type":"post","link":"https:\/\/www.sugranyes.com\/es\/2020\/04\/el-govern-aprova-un-ajornament-i-moratoria-de-les-cotitzacions-socials-per-a-empreses-i-autonoms\/","title":{"rendered":"El gobierno aprueba un aplazamiento y moratoria de las cotizaciones sociales para empresas y aut\u00f3nomos."},"content":{"rendered":"<p><span style=\"font-weight: 400;\">El Consejo de Ministros aprob\u00f3 el pasado Martes unas medidas sociales y econ\u00f3micas para minimizar y contrarrestar el impacto del Covid-19, medidas que complementan y consolidan las ya adoptadas con anterioridad.<\/span><\/p>\n<p><span style=\"font-weight: 400;\">Estas nuevas medidas se recogen en el <\/span><a href=\"https:\/\/www.boe.es\/diario_boe\/txt.php?id=BOE-A-2020-4208\"><b>Real Decreto Ley\u00a0<\/b><\/a><span style=\"font-weight: 400;\">11\/2020, que da pie a las empresas y aut\u00f3nomos en el aplazamiento del pago de cotizaciones con unas condiciones especiales y la moratoria de cotizaciones a la Seguridad Social.<\/span><\/p>\n<p><span style=\"font-weight: 400;\">Se capacita a la Tesorer\u00eda General de la Seguridad Social a <\/span><b>otorgar a todos los<\/b> <b>aut\u00f3nomos y empresas el aplazamiento de la cuota del mes deabril,\u00a0<\/b><span style=\"font-weight: 400;\">a un inter\u00e9s m\u00e1s bajo de lo habitual, el cual pasa de un 3% a un 0,5%. Para poder acceder a esta medida, es necesario que sean aut\u00f3nomos o empresas los que est\u00e9n afectados por Covidien-19 y <\/span><b>no poseer ning\u00fan otro aplazamiento en vigor\u00a0<\/b><span style=\"font-weight: 400;\">previo.<\/span><\/p>\n<p><span style=\"font-weight: 400;\">Este inicial aplazamiento, <\/span><b>se solicitar\u00e1 antes del transcurso de los diez primeros d\u00edas naturales del mes de abril,<\/b><span style=\"font-weight: 400;\"> para as\u00ed impedir la facturaci\u00f3n de la cuota.<\/span><\/p>\n<p><span style=\"font-weight: 400;\">De forma extraordinaria, <\/span><b>la Seguridad Social adjudicar\u00e1 moratorias a aut\u00f3nomos y empresas en el pago de las cotizaciones a la Seguridad Social hasta seis\u00a0<\/b><span style=\"font-weight: 400;\">meses. El per\u00edodo de devengo en caso de empresas estar\u00e1 comprendido entre abril y junio de 2020, mientras que en el caso de los aut\u00f3nomos estar\u00e1 comprendido entre mayo y julio de 2020, siempre que las actividades que lleven a cabo no se hayan suspendido en circunstancia de el estado de alarma declarado por el Real Decreto 463\/2020 de 14 de marzo. Para poder solicitar esta moratoria se establecer\u00e1n a trav\u00e9s de una Orden Ministerial y se pondr\u00e1 en marcha formas \u00e1giles para poder solicitar. Esta moratoria no es aplicable para las empresas que hayan sido exoneradas de pagar cotizaciones sociales por sus trabajadores afectado por <\/span><b>ERTE por fuerza\u00a0<\/b><span style=\"font-weight: 400;\">mayor, debido al coronavirus.<\/span><\/p>\n<p><span style=\"font-weight: 400;\">Por otra parte, las empresas y aut\u00f3nomos que no cumplan los requisitos para tener derecho a la moratoria tambi\u00e9n podr\u00e1n solicitar el aplazamiento antes mencionado al 0,5% durante en los periodos de pago de mayo a junio.<\/span><\/p>\n<p><span style=\"font-weight: 400;\">Tambi\u00e9n se podr\u00e1n beneficiar los aut\u00f3nomos y las empresas que se hayan visto afectadas por Covid-19, en la <\/span><b>flexibilizaci\u00f3n en el pago de suministros fundamentales como el agua, la luz o el gas, llegar incluso a la alternativa de suspender<\/b><span style=\"font-weight: 400;\">\u00a0su pago.\u00a0<\/span><\/p>\n<p><span style=\"font-weight: 400;\">En concreto, estas medidas, buscan <\/span><b>conservar el m\u00e1ximo el\u00a0<\/b><span style=\"font-weight: 400;\">empleo, es decir, capacitar de liquidez a empresas y trabajadores aut\u00f3nomos ante las dificultades ocasionadas por la crisis que estamos viviendo, es decir,\u00a0 <\/span><b>favorecer <\/b><span style=\"font-weight: 400;\">la actividad econ\u00f3mica una vez deje de estar en vigor el estado de alarma.<\/span><\/p>\n<p><span style=\"font-weight: 400;\">En Sugranyes Asesores y Gestores desde 1952, le facilitaremos informaci\u00f3n sobre este tr\u00e1mite y en su caso, le gestionamos el aplazamiento.<\/span><\/p>\n<p><span style=\"font-weight: 400;\">Tarragona, Abril 2020.<\/span><\/p>\n","protected":false},"excerpt":{"rendered":"<p>El consell de ministres  va aprovar el passat dimarts  unes mesures socials i econ\u00f2miques per a minimitzar i contrarestar l\u2019impacte del COVID-19, mesures que complementen i consoliden les ja adoptades amb anterioritat.<\/p>\n","protected":false},"author":1,"featured_media":1349,"comment_status":"open","ping_status":"open","sticky":false,"template":"","format":"standard","meta":{"_joinchat":[],"footnotes":""},"categories":[9],"tags":[],"_links":{"self":[{"href":"https:\/\/www.sugranyes.com\/es\/wp-json\/wp\/v2\/posts\/1352"}],"collection":[{"href":"https:\/\/www.sugranyes.com\/es\/wp-json\/wp\/v2\/posts"}],"about":[{"href":"https:\/\/www.sugranyes.com\/es\/wp-json\/wp\/v2\/types\/post"}],"author":[{"embeddable":true,"href":"https:\/\/www.sugranyes.com\/es\/wp-json\/wp\/v2\/users\/1"}],"replies":[{"embeddable":true,"href":"https:\/\/www.sugranyes.com\/es\/wp-json\/wp\/v2\/comments?post=1352"}],"version-history":[{"count":1,"href":"https:\/\/www.sugranyes.com\/es\/wp-json\/wp\/v2\/posts\/1352\/revisions"}],"predecessor-version":[{"id":3555,"href":"https:\/\/www.sugranyes.com\/es\/wp-json\/wp\/v2\/posts\/1352\/revisions\/3555"}],"wp:featuredmedia":[{"embeddable":true,"href":"https:\/\/www.sugranyes.com\/es\/wp-json\/wp\/v2\/media\/1349"}],"wp:attachment":[{"href":"https:\/\/www.sugranyes.com\/es\/wp-json\/wp\/v2\/media?parent=1352"}],"wp:term":[{"taxonomy":"category","embeddable":true,"href":"https:\/\/www.sugranyes.com\/es\/wp-json\/wp\/v2\/categories?post=1352"},{"taxonomy":"post_tag","embeddable":true,"href":"https:\/\/www.sugranyes.com\/es\/wp-json\/wp\/v2\/tags?post=1352"}],"curies":[{"name":"wp","href":"https:\/\/api.w.org\/{rel}","templated":true}]}}