{"id":1289,"date":"2020-03-25T20:31:02","date_gmt":"2020-03-25T19:31:02","guid":{"rendered":"https:\/\/www.sugranyes.com\/2020\/03\/prestacio-per-cessament-de-activitat-pel-covid-19\/"},"modified":"2023-10-18T12:21:26","modified_gmt":"2023-10-18T10:21:26","slug":"prestacio-per-cessament-de-activitat-pel-covid-19","status":"publish","type":"post","link":"https:\/\/www.sugranyes.com\/es\/2020\/03\/prestacio-per-cessament-de-activitat-pel-covid-19\/","title":{"rendered":"Prestaci\u00f3n por cese de actividad por Covid-19"},"content":{"rendered":"<p>En el decreto ley 8\/2020 del 17 de marzo, publicado el 18 de marzo, con las medidas urgentes para poder hacer frente al impacto social y econ\u00f3mico del Covid-19 existe la prestaci\u00f3n extraordinaria por el cese de actividad para los afectados del estado de alarma. Pero nos planteamos una serie de preguntas:<\/p>\n<h2>\u00bfQui\u00e9n tiene derecho?<\/h2>\n<p>Los trabajadores por cuenta propia o aut\u00f3nomos cuya actividad queda suspendida seg\u00fan se comunica en el Real Decreto, o bien, cuando su facturaci\u00f3n se reduce un 75% respecto al mes anterior siempre y cuando:<\/p>\n<ul>\n<li>Est\u00e9n afiliados a la Seguridad Social el d\u00eda de la declaraci\u00f3n del estado de alarma en el R\u00e9gimen Especial de la Seguridad Social de los Trabajadores por cuenta propia o aut\u00f3nomos, o en su caso, el R\u00e9gimen Especial de la Seguridad Social de los trabajadores del mar .<\/li>\n<li>S\u00ed, su actividad no se ve expl\u00edcitamente suspendida por lo previsto en el Real Decreto, debe acreditar la reducci\u00f3n de su facturaci\u00f3n, al menos, un 75% en relaci\u00f3n al semestre anterior.<\/li>\n<li>Estar al corriente de pago de cuotas con la Seguridad Social.<\/li>\n<\/ul>\n<h2>\u00bfCu\u00e1l es la cantidad de la prestaci\u00f3n?<\/h2>\n<p>La cantidad de la prestaci\u00f3n es el resultado de aplicar el 70% de la base reguladora, calculada conforme a lo previsto en el art\u00edculo 339 de la ley de la Seguridad Social. Si no se acredita esta base ser\u00e1 el 70% de la base m\u00ednima de cotizaci\u00f3n para trabajadores por cuenta propia o aut\u00f3nomos.<\/p>\n<h2>\u00bfCu\u00e1nto dura la prestaci\u00f3n?<\/h2>\n<p>La prestaci\u00f3n tiene duraci\u00f3n de un mes, ampliable en su caso hasta el \u00faltimo d\u00eda del mes en que finalice el estado de alarma, si \u00e9ste se ampl\u00eda. El tiempo de la percepci\u00f3n se entiende como cotizado y no reduce los periodos de prestaci\u00f3n por cese de actividad a los que el beneficiario pueda tener derecho en circunstancias futuras.<\/p>\n<p>Hay que tener en cuenta sin embargo que esta prestaci\u00f3n es incompatible con cualquier otra prestaci\u00f3n de la Seguridad Social.<\/p>\n<p>&#8212;<\/p>\n<p>Esta prestaci\u00f3n tambi\u00e9n tienen derecho a recibirla los socios trabajadores de las cooperativas de trabajo asociado que hayan optado por su encuadre como trabajadores por cuenta propia en el r\u00e9gimen especial que corresponda.<\/p>\n<p>Atentamente,<\/p>\n<p>Sugranyes Assessors SL<\/p>\n","protected":false},"excerpt":{"rendered":"<p>Compartimos respuesta a algunas de las preguntas frecuentes sobre la prestaci\u00f3n extraordinaria por el cese de actividad para los afectados del estado de alarma. Puedes solicitar la ayuda?<\/p>\n","protected":false},"author":1,"featured_media":1287,"comment_status":"open","ping_status":"open","sticky":false,"template":"","format":"standard","meta":{"_joinchat":[],"footnotes":""},"categories":[9],"tags":[],"_links":{"self":[{"href":"https:\/\/www.sugranyes.com\/es\/wp-json\/wp\/v2\/posts\/1289"}],"collection":[{"href":"https:\/\/www.sugranyes.com\/es\/wp-json\/wp\/v2\/posts"}],"about":[{"href":"https:\/\/www.sugranyes.com\/es\/wp-json\/wp\/v2\/types\/post"}],"author":[{"embeddable":true,"href":"https:\/\/www.sugranyes.com\/es\/wp-json\/wp\/v2\/users\/1"}],"replies":[{"embeddable":true,"href":"https:\/\/www.sugranyes.com\/es\/wp-json\/wp\/v2\/comments?post=1289"}],"version-history":[{"count":1,"href":"https:\/\/www.sugranyes.com\/es\/wp-json\/wp\/v2\/posts\/1289\/revisions"}],"predecessor-version":[{"id":3559,"href":"https:\/\/www.sugranyes.com\/es\/wp-json\/wp\/v2\/posts\/1289\/revisions\/3559"}],"wp:featuredmedia":[{"embeddable":true,"href":"https:\/\/www.sugranyes.com\/es\/wp-json\/wp\/v2\/media\/1287"}],"wp:attachment":[{"href":"https:\/\/www.sugranyes.com\/es\/wp-json\/wp\/v2\/media?parent=1289"}],"wp:term":[{"taxonomy":"category","embeddable":true,"href":"https:\/\/www.sugranyes.com\/es\/wp-json\/wp\/v2\/categories?post=1289"},{"taxonomy":"post_tag","embeddable":true,"href":"https:\/\/www.sugranyes.com\/es\/wp-json\/wp\/v2\/tags?post=1289"}],"curies":[{"name":"wp","href":"https:\/\/api.w.org\/{rel}","templated":true}]}}