{"id":1270,"date":"2020-03-25T19:39:15","date_gmt":"2020-03-25T18:39:15","guid":{"rendered":"https:\/\/www.sugranyes.com\/2020\/03\/questions-mes-frequents-relacionades-amb-la-presentacio-dels-ertes\/"},"modified":"2023-10-18T12:21:27","modified_gmt":"2023-10-18T10:21:27","slug":"cuestiones-mas-frecuentes-relacionadas-con-la-presentacion-de-los-erte","status":"publish","type":"post","link":"https:\/\/www.sugranyes.com\/es\/2020\/03\/cuestiones-mas-frecuentes-relacionadas-con-la-presentacion-de-los-erte\/","title":{"rendered":"Cuestiones m\u00e1s frecuentes relacionadas con la presentaci\u00f3n de los ERTE"},"content":{"rendered":"<p>A la espera de conocer novedades normativas y directrices que puedan surgir durante las pr\u00f3ximas horas, entre ellas la operativa a seguir para tramitar las prestaciones de desempleo, compartimos el documento actualizado a 03\/23\/2020 a las 19:00 horas, elaborado por el Departament de Treball, Afers Socials i Fam\u00edlies, donde da respuesta a las cuestiones m\u00e1s frecuentes relacionadas con la presentaci\u00f3n de los ERTE.<\/p>\n<p><span style=\"font-weight: 400;\"><strong>\u00daltima actualizaci\u00f3n<\/strong>: 23\/03\/2020. 19:00 h.<\/span><\/p>\n<p><span style=\"color: #0000ff;\"><strong><a style=\"color: #0000ff;\" href=\"https:\/\/www.sugranyes.com\/wp-content\/uploads\/2020\/03\/Document-Departament-Treball-23-de-marc\u0327.pdf\" target=\"_blank\" rel=\"noopener\">Descargar pdf<\/a><\/strong><\/span><\/p>\n<p>(<strong>Observaci\u00f3n<\/strong>: <em>El documento que presentamos es navegable e incluye un \u00edndice que le llevar\u00e1 a su caso particular<\/em>.)<\/p>\n","protected":false},"excerpt":{"rendered":"<p>Compartimos el documento actualizado a 03\/23\/2020 a las 19:00 horas, elaborado por el Departamento de Trabajo, Asuntos Sociales y Familias, donde da respuesta a las cuestiones m\u00e1s frecuentes relacionadas con la presentaci\u00f3n de los ERTE.<\/p>\n","protected":false},"author":1,"featured_media":1294,"comment_status":"open","ping_status":"open","sticky":false,"template":"","format":"standard","meta":{"_joinchat":[],"footnotes":""},"categories":[9],"tags":[],"_links":{"self":[{"href":"https:\/\/www.sugranyes.com\/es\/wp-json\/wp\/v2\/posts\/1270"}],"collection":[{"href":"https:\/\/www.sugranyes.com\/es\/wp-json\/wp\/v2\/posts"}],"about":[{"href":"https:\/\/www.sugranyes.com\/es\/wp-json\/wp\/v2\/types\/post"}],"author":[{"embeddable":true,"href":"https:\/\/www.sugranyes.com\/es\/wp-json\/wp\/v2\/users\/1"}],"replies":[{"embeddable":true,"href":"https:\/\/www.sugranyes.com\/es\/wp-json\/wp\/v2\/comments?post=1270"}],"version-history":[{"count":1,"href":"https:\/\/www.sugranyes.com\/es\/wp-json\/wp\/v2\/posts\/1270\/revisions"}],"predecessor-version":[{"id":3561,"href":"https:\/\/www.sugranyes.com\/es\/wp-json\/wp\/v2\/posts\/1270\/revisions\/3561"}],"wp:featuredmedia":[{"embeddable":true,"href":"https:\/\/www.sugranyes.com\/es\/wp-json\/wp\/v2\/media\/1294"}],"wp:attachment":[{"href":"https:\/\/www.sugranyes.com\/es\/wp-json\/wp\/v2\/media?parent=1270"}],"wp:term":[{"taxonomy":"category","embeddable":true,"href":"https:\/\/www.sugranyes.com\/es\/wp-json\/wp\/v2\/categories?post=1270"},{"taxonomy":"post_tag","embeddable":true,"href":"https:\/\/www.sugranyes.com\/es\/wp-json\/wp\/v2\/tags?post=1270"}],"curies":[{"name":"wp","href":"https:\/\/api.w.org\/{rel}","templated":true}]}}