{"id":1228,"date":"2020-03-17T21:51:17","date_gmt":"2020-03-17T20:51:17","guid":{"rendered":"https:\/\/www.sugranyes.com\/2020\/03\/ajuda-per-a-treballadors-autonoms-afectats-pel-covid-19\/"},"modified":"2023-10-18T12:21:28","modified_gmt":"2023-10-18T10:21:28","slug":"ayuda-para-trabajadores-autonomos-afectados-por-el-covid-19","status":"publish","type":"post","link":"https:\/\/www.sugranyes.com\/es\/2020\/03\/ayuda-para-trabajadores-autonomos-afectados-por-el-covid-19\/","title":{"rendered":"Ayuda para trabajadores aut\u00f3nomos afectados por el Covid-19"},"content":{"rendered":"<p>Este 17 de marzo de 2020 el Departamento de Trabajo, Asuntos Sociales y Familias de la Generalitat de Catalunya ha comunicado que ofrecer\u00e1 una prestaci\u00f3n econ\u00f3mica para trabajadores aut\u00f3nomos que acrediten una reducci\u00f3n involuntaria y dr\u00e1stica de su facturaci\u00f3n de su actividad econ\u00f3mica debido a los efectos del Covid-19.<\/p>\n<p>Esta prestaci\u00f3n tiene un l\u00edmite de hasta 2.000 \u20ac por persona f\u00edsica.<\/p>\n<p>La Generalitat ir\u00e1 otorgando estas ayudas por el procedimiento de concurrencia competitiva hasta agotar la partida presupuestada que se designe y es incompatible con cualquier otra ayuda para la misma finalidad.<\/p>\n<p>Para optar a esta prestaci\u00f3n se deben cumplir una serie de requisitos:<\/p>\n<ul>\n<li>Las personas f\u00edsicas deben estar dados de alta en el r\u00e9gimen especial de trabajadores aut\u00f3nomos de la Seguridad Social y tener domicilio fiscal en Catalu\u00f1a.<\/li>\n<li>Estar dado de alta en las actividades que las autoridades sanitarias han decretado el cierre publicado en el <span style=\"color: #0000ff;\"><a style=\"color: #0000ff;\" href=\"https:\/\/www.sugranyes.com\/wp-content\/uploads\/2020\/03\/BOE-A-2020-3692.pdf\" target=\"_blank\" rel=\"noopener\">BOE del 14 de marzo de 2020<\/a><\/span> y no se disponga de fuentes alternativas de ingresos.<\/li>\n<li>Acreditar las p\u00e9rdidas econ\u00f3micas de la actividad en el mes de marzo comparadas con las del mismo mes de marzo del 2019. Si la persona f\u00edsica lleva menos de un a\u00f1o dado de alta como trabajador aut\u00f3nomo se tendr\u00e1 en cuenta la media de facturaci\u00f3n mensual desde la fecha de alta.<\/li>\n<\/ul>\n<p>Esta es una medida de la Generalitat de Catalunya para los aut\u00f3nomos residentes en Catalu\u00f1a como respuesta urgente a la situaci\u00f3n excepcional que est\u00e1 generando el Coronavirus.<\/p>\n<p>No tiene en cuenta las ayudas posteriores que se puedan derivar del Gobierno Espa\u00f1ol durante los pr\u00f3ximos d\u00edas.<\/p>\n","protected":false},"excerpt":{"rendered":"<p>La Generalitat de Catalunya ha comunicado que ofrecer\u00e1 una prestaci\u00f3n econ\u00f3mica para trabajadores aut\u00f3nomos que acrediten una reducci\u00f3n involuntaria y dr\u00e1stica de su facturaci\u00f3n como consecuencia de los efectos del COVID-19<\/p>\n","protected":false},"author":1,"featured_media":1224,"comment_status":"open","ping_status":"open","sticky":false,"template":"","format":"standard","meta":{"_joinchat":[],"footnotes":""},"categories":[9],"tags":[],"_links":{"self":[{"href":"https:\/\/www.sugranyes.com\/es\/wp-json\/wp\/v2\/posts\/1228"}],"collection":[{"href":"https:\/\/www.sugranyes.com\/es\/wp-json\/wp\/v2\/posts"}],"about":[{"href":"https:\/\/www.sugranyes.com\/es\/wp-json\/wp\/v2\/types\/post"}],"author":[{"embeddable":true,"href":"https:\/\/www.sugranyes.com\/es\/wp-json\/wp\/v2\/users\/1"}],"replies":[{"embeddable":true,"href":"https:\/\/www.sugranyes.com\/es\/wp-json\/wp\/v2\/comments?post=1228"}],"version-history":[{"count":1,"href":"https:\/\/www.sugranyes.com\/es\/wp-json\/wp\/v2\/posts\/1228\/revisions"}],"predecessor-version":[{"id":3569,"href":"https:\/\/www.sugranyes.com\/es\/wp-json\/wp\/v2\/posts\/1228\/revisions\/3569"}],"wp:featuredmedia":[{"embeddable":true,"href":"https:\/\/www.sugranyes.com\/es\/wp-json\/wp\/v2\/media\/1224"}],"wp:attachment":[{"href":"https:\/\/www.sugranyes.com\/es\/wp-json\/wp\/v2\/media?parent=1228"}],"wp:term":[{"taxonomy":"category","embeddable":true,"href":"https:\/\/www.sugranyes.com\/es\/wp-json\/wp\/v2\/categories?post=1228"},{"taxonomy":"post_tag","embeddable":true,"href":"https:\/\/www.sugranyes.com\/es\/wp-json\/wp\/v2\/tags?post=1228"}],"curies":[{"name":"wp","href":"https:\/\/api.w.org\/{rel}","templated":true}]}}