{"id":1184,"date":"2020-03-12T18:08:48","date_gmt":"2020-03-12T17:08:48","guid":{"rendered":"https:\/\/www.sugranyes.com\/2020\/03\/informacio-per-a-empreses-sobre-el-coronavirus\/"},"modified":"2023-10-18T12:21:29","modified_gmt":"2023-10-18T10:21:29","slug":"informacion-para-empresas-sobre-el-coronavirus","status":"publish","type":"post","link":"https:\/\/www.sugranyes.com\/es\/2020\/03\/informacion-para-empresas-sobre-el-coronavirus\/","title":{"rendered":"Informaci\u00f3n para empresas sobre el coronavirus"},"content":{"rendered":"<p>En relaci\u00f3n al coronavirus SARS-CoV-2, le aportamos unas medidas que creemos necesarias comunicar a nuestros clientes, informaci\u00f3n basada con el GENCAT y el MINISTERIO DE inclusiones, SEGURIDAD SOCIAL Y MIGRACIONES.<\/p>\n<ul>\n<li>Adjuntamos un documento de recomendaciones para empresas y personas trabajadoras sobre el coronavirus SARS-COV-2 publicado por GENCAT, el documento incluye las medidas de prevenci\u00f3n a adoptar y recomienda priorizar el uso intensivo de las tecnolog\u00edas de comunicaci\u00f3n como alternativa a las reuniones presenciales, desplazamientos y viajes. Tambi\u00e9n vehicular medidas de flexibilidad para el personal, como el teletrabajo, en los casos en que sea posible. \u00a0<strong><a href=\"https:\/\/www.sugranyes.com\/wp-content\/uploads\/2020\/03\/RECOMANACIONS-PER-A-EMPRESES-I-PERSONES-TREBALLADORES.pdf\" target=\"_blank\" rel=\"noopener\">Ver documento<\/a>.<\/strong><\/li>\n<li>Adjuntamos enlace v\u00eddeo explicativo<br \/>\n<iframe style=\"width:100%;max-width:500px;min-height:300px;margin:32px 0;\" src=\"https:\/\/www.youtube.com\/embed\/PGli_Y9G9UU\" frameborder=\"0\" allow=\"accelerometer; autoplay; encrypted-media; gyroscope; picture-in-picture\" allowfullscreen><\/iframe>\n<\/li>\n<li>Cartel \u201cEsva\u00efm inquietuds sobre el coronavirus SARS-COV-2\u201d.\u00a0<strong><a href=\"https:\/\/www.sugranyes.com\/wp-content\/uploads\/2020\/03\/cartell-ciutadania-esvaim-inquietuds.pdf\" target=\"_blank\" rel=\"noopener\">Ver documento<\/a>.<\/strong><\/li>\n<li>Nota de prensa publica por MINISTERIO DE inclusiones, SEGURIDAD SOCIAL Y MIGRACIONES donde se detalla que \u00abEl gobierno aprueba un Real Decreto-Ley 06\/2020 de 10 de marzo, por el que se asimilan estos casos a Incapacidad Temporal por Accidente de Trabajo\u00bb.\u00a0<strong><a href=\"https:\/\/www.sugranyes.com\/wp-content\/uploads\/2020\/03\/NOTA-DE-PRENSA.pdf\" target=\"_blank\" rel=\"noopener\">Ver documento<\/a>.<\/strong><\/li>\n<\/ul>\n<h2 style=\"margin-top: 32px;\">Nuevas medidas para la contenci\u00f3n del coronavirus<\/h2>\n<p><strong>Se ha acordado la suspensi\u00f3n de actividades colectivas que impliquen una concentraci\u00f3n superior a 1.000 personas.<\/strong><\/p>\n<p>El Plan de Protecci\u00f3n Civil de Catalu\u00f1a (Procicat) ha pasado a fase de alerta para poder mantener una situaci\u00f3n de seguimiento y contenci\u00f3n del coronavirus. As\u00ed se ha decidido en la reuni\u00f3n del Comit\u00e9 T\u00e9cnico del plan del Procicat por emergencias asociadas a enfermedades transmisibles emergentes de alto riesgo.<\/p>\n<p>El Gobierno ha anunciado nuevas medidas, que entrar\u00e1n en vigor el jueves, 12 de marzo, por un per\u00edodo de 15 d\u00edas, como la suspensi\u00f3n de actividades colectivas que impliquen una concentraci\u00f3n superior a 1.000 personas o la celebraci\u00f3n de todos los eventos deportivos en puerta cerrada.<\/p>\n<h2>Nuevas medidas preventivas<\/h2>\n<p>Los eventos deportivos, profesionales y no profesionales, que se celebren en Catalu\u00f1a se har\u00e1n a puerta cerrada, excepto aquellos en los que participen menores de edad, que podr\u00e1n ir acompa\u00f1ados.<\/p>\n<p>Se suspenden o se aplazan las actividades colectivas en espacios cerrados o abiertos que impliquen una concentraci\u00f3n superior a 1.000 personas.<\/p>\n<p>En los casos en que estas actividades se desarrollen en espacios con aforo inferior a las 1.000 personas, se podr\u00e1n celebrar \u00fanicamente si s\u00f3lo se ocupa un tercio del aforo m\u00e1ximo autorizado, con el objetivo de garantizar un espacio de separaci\u00f3n adecuado entre los participantes.<\/p>\n<p>Estas medidas de restricci\u00f3n se aplican a espect\u00e1culos p\u00fablicos, recreativos y de ocio, actividades culturales, religiosas o similares, con independencia de que sean ofrecidas por un titular, explotador o organizador p\u00fablico o privado.<\/p>\n","protected":false},"excerpt":{"rendered":"<p>En relaci\u00f3n al coronavirus SARS-CoV-2, le aportamos unas medidas que creemos necesarias comunicar a nuestros clientes, informaci\u00f3n basada con el GENCAT y el MINISTERIO DE inclusiones, SEGURIDAD SOCIAL Y MIGRACIONES.<\/p>\n","protected":false},"author":1,"featured_media":1180,"comment_status":"open","ping_status":"open","sticky":false,"template":"","format":"standard","meta":{"_joinchat":[],"footnotes":""},"categories":[9],"tags":[],"_links":{"self":[{"href":"https:\/\/www.sugranyes.com\/es\/wp-json\/wp\/v2\/posts\/1184"}],"collection":[{"href":"https:\/\/www.sugranyes.com\/es\/wp-json\/wp\/v2\/posts"}],"about":[{"href":"https:\/\/www.sugranyes.com\/es\/wp-json\/wp\/v2\/types\/post"}],"author":[{"embeddable":true,"href":"https:\/\/www.sugranyes.com\/es\/wp-json\/wp\/v2\/users\/1"}],"replies":[{"embeddable":true,"href":"https:\/\/www.sugranyes.com\/es\/wp-json\/wp\/v2\/comments?post=1184"}],"version-history":[{"count":1,"href":"https:\/\/www.sugranyes.com\/es\/wp-json\/wp\/v2\/posts\/1184\/revisions"}],"predecessor-version":[{"id":3575,"href":"https:\/\/www.sugranyes.com\/es\/wp-json\/wp\/v2\/posts\/1184\/revisions\/3575"}],"wp:featuredmedia":[{"embeddable":true,"href":"https:\/\/www.sugranyes.com\/es\/wp-json\/wp\/v2\/media\/1180"}],"wp:attachment":[{"href":"https:\/\/www.sugranyes.com\/es\/wp-json\/wp\/v2\/media?parent=1184"}],"wp:term":[{"taxonomy":"category","embeddable":true,"href":"https:\/\/www.sugranyes.com\/es\/wp-json\/wp\/v2\/categories?post=1184"},{"taxonomy":"post_tag","embeddable":true,"href":"https:\/\/www.sugranyes.com\/es\/wp-json\/wp\/v2\/tags?post=1184"}],"curies":[{"name":"wp","href":"https:\/\/api.w.org\/{rel}","templated":true}]}}